{"id":22771,"date":"2023-10-04T10:12:26","date_gmt":"2023-10-04T10:12:26","guid":{"rendered":"https:\/\/dekkbi.com\/?p=22771"},"modified":"2023-10-04T10:12:28","modified_gmt":"2023-10-04T10:12:28","slug":"media-freedom-act-les-eurodeputes-posent-la-premiere-brique-dune-loi-sur-la-liberte-de-la-presse","status":"publish","type":"post","link":"https:\/\/dekkbi.com\/?p=22771","title":{"rendered":"\u00abMedia Freedom Act\u00bb: les eurod\u00e9put\u00e9s posent la premi\u00e8re brique d&rsquo;une loi sur la libert\u00e9 de la presse"},"content":{"rendered":"\n<p>Le Parlement europ\u00e9en a vot\u00e9 mardi pour renforcer la transparence et l&rsquo;ind\u00e9pendance des m\u00e9dias europ\u00e9ens le\u00a0<em>Media Freedom Act<\/em>\u00a0(Loi sur la libert\u00e9 des m\u00e9dias). Il s&rsquo;agit d&rsquo;une premi\u00e8re \u00e9tape pour r\u00e9ussir \u00e0 obliger les \u00c9tats membres \u00e0 garantir le pluralisme des m\u00e9dias et \u00e0 prot\u00e9ger leur ind\u00e9pendance vis-\u00e0-vis des ing\u00e9rences gouvernementales, politiques, \u00e9conomiques ou priv\u00e9es, et\u00a0<em>in fine<\/em>, \u00e0 garantir le secret des sources.<\/p>\n\n\n\n<p><em>Avec notre correspondant \u00e0 Strasbourg,<\/em>\u00a0<strong>Jean-Jacques H\u00e9ry<\/strong> RFI <\/p>\n\n\n\n<p>\u00c0 la base de cette loi, vot\u00e9e \u00e0 une large majorit\u00e9 de 448 voix, il y a d&rsquo;abord un constat que dresse la d\u00e9put\u00e9e Sabine Verheyen, pr\u00e9sidente de la commission Culture, d\u00e9put\u00e9e du Parti populaire europ\u00e9en (PPE), et rapporteur du texte&nbsp;: \u00ab&nbsp;<em>On a beaucoup de pays o\u00f9 les m\u00e9dias sont menac\u00e9s. On pense \u00e0 la Hongrie, \u00e0 la Pologne ou \u00e0 l\u2019espionnage de journalistes en Gr\u00e8ce<\/em>&nbsp;\u00bb.<\/p>\n\n\n\n<p>Et l&rsquo;actualit\u00e9 en France est venue souligner l&rsquo;urgence de d\u00e9fendre les m\u00e9dias, a pr\u00e9cis\u00e9 \u00e0 la tribune le d\u00e9put\u00e9 vert David Cormand : \u00ab\u00a0<em><strong>Une journaliste arr\u00eat\u00e9e<\/strong>, son domicile perquisitionn\u00e9. Un hebdomadaire national rachet\u00e9 par un milliardaire d\u2019extr\u00eame droite. Des r\u00e9dactions vid\u00e9es de leurs journalistes. Toutes ces situations ont aussi cours dans mon pays\u00a0: la France\u00a0<\/em>\u00bb.<\/p>\n\n\n\n<p>Premier volet du texte de\u00a0<strong>l&rsquo;<em>European Media Freedom Act<\/em><\/strong>\u00a0: l&rsquo;obligation pour les m\u00e9dias de dire clairement \u00e0 qui ils appartiennent, une transparence qui se veut garantie d&rsquo;ind\u00e9pendance. Et puis il met aussi en place des garde-fous : interdiction de la d\u00e9tention de journalistes et des perquisitions pour prot\u00e9ger le secret des sources. Les logiciels espions, du type Pegasus, qui avaient d\u00e9fray\u00e9 la chronique il y a deux ans, ne pourront \u00eatre utilis\u00e9s qu\u2019exceptionnellement et uniquement si une d\u00e9cision judiciaire le permet, dans des affaires de terrorisme par exemple.<\/p>\n\n\n\n<h2 class=\"wp-block-heading\">La France veut des d\u00e9rogations au secret des sources<\/h2>\n\n\n\n<p>Les discussions vont maintenant s&rsquo;engager avec les \u00c9tats membres pour parvenir \u00e0 un accord d\u00e9finitif. Elles s&rsquo;annoncent difficiles car au sein du Conseil, et \u00e0 l&rsquo;initiative de la France, on voudrait voir beaucoup plus de d\u00e9rogations au secret des sources, au nom de \u00ab<em>&nbsp;la s\u00e9curit\u00e9 nationale&nbsp;<\/em>\u00bb notamment.<\/p>\n\n\n\n<p>Pour Agust\u00edn Yanel, dirigeant de la F\u00e9d\u00e9ration des syndicats des journalistes espagnols, c&rsquo;est une avanc\u00e9e importante \u00ab&nbsp;<em>parce qu&rsquo;elle inclut une s\u00e9rie de mesures que nous avons toujours r\u00e9clam\u00e9es. Par exemple, une transparence maximale pour conna\u00eetre la propri\u00e9t\u00e9 des m\u00e9dias, une distribution \u00e9quitable de la publicit\u00e9 institutionnelle, le rejet de l&rsquo;ing\u00e9rence politique dans les m\u00e9dias, etc.&nbsp;<\/em>Mais, r\u00e9pondant aux questions de&nbsp;<strong>Carlos Herranz<\/strong>, il regrette qu&rsquo;elle soit&nbsp;entach\u00e9e par l&rsquo;amendement introduit par la France.&nbsp;\u00ab&nbsp;<em>Bien qu&rsquo;une s\u00e9rie d&rsquo;articles positifs aient \u00e9t\u00e9 introduits, le plus inqui\u00e9tant c&rsquo;est l&rsquo;amendement introduit par la France, auquel certains pays se sont oppos\u00e9s, mais qui a ensuite \u00e9t\u00e9 approuv\u00e9 par tous. Il permet d&rsquo;utiliser l&rsquo;espionnage contre des journalistes lorsqu&rsquo;il s&rsquo;agit de garantir la s\u00e9curit\u00e9 nationale. C&rsquo;est un concept tr\u00e8s ambigu qui peut conduire les gouvernements \u00e0 en faire n&rsquo;importe quel usage, comme dans l&rsquo;affaire Pegasus, par exemple. C&rsquo;est pourquoi nous demandons qu&rsquo;il soit supprim\u00e9.<\/em>&nbsp;\u00bb<\/p>\n\n\n\n<p>L&rsquo;accord interinstitutionnel final est esp\u00e9r\u00e9 pour le mois de f\u00e9vrier 2024.<\/p>\n","protected":false},"excerpt":{"rendered":"<p>Le Parlement europ\u00e9en a vot\u00e9 mardi pour renforcer la transparence et l&rsquo;ind\u00e9pendance des m\u00e9dias europ\u00e9ens le\u00a0Media Freedom Act\u00a0(Loi sur la<\/p>\n","protected":false},"author":1,"featured_media":22772,"comment_status":"open","ping_status":"open","sticky":false,"template":"","format":"standard","meta":{"footnotes":""},"categories":[21],"tags":[],"class_list":["post-22771","post","type-post","status-publish","format-standard","has-post-thumbnail","hentry","category-societe"],"_links":{"self":[{"href":"https:\/\/dekkbi.com\/index.php?rest_route=\/wp\/v2\/posts\/22771","targetHints":{"allow":["GET"]}}],"collection":[{"href":"https:\/\/dekkbi.com\/index.php?rest_route=\/wp\/v2\/posts"}],"about":[{"href":"https:\/\/dekkbi.com\/index.php?rest_route=\/wp\/v2\/types\/post"}],"author":[{"embeddable":true,"href":"https:\/\/dekkbi.com\/index.php?rest_route=\/wp\/v2\/users\/1"}],"replies":[{"embeddable":true,"href":"https:\/\/dekkbi.com\/index.php?rest_route=%2Fwp%2Fv2%2Fcomments&post=22771"}],"version-history":[{"count":1,"href":"https:\/\/dekkbi.com\/index.php?rest_route=\/wp\/v2\/posts\/22771\/revisions"}],"predecessor-version":[{"id":22773,"href":"https:\/\/dekkbi.com\/index.php?rest_route=\/wp\/v2\/posts\/22771\/revisions\/22773"}],"wp:featuredmedia":[{"embeddable":true,"href":"https:\/\/dekkbi.com\/index.php?rest_route=\/wp\/v2\/media\/22772"}],"wp:attachment":[{"href":"https:\/\/dekkbi.com\/index.php?rest_route=%2Fwp%2Fv2%2Fmedia&parent=22771"}],"wp:term":[{"taxonomy":"category","embeddable":true,"href":"https:\/\/dekkbi.com\/index.php?rest_route=%2Fwp%2Fv2%2Fcategories&post=22771"},{"taxonomy":"post_tag","embeddable":true,"href":"https:\/\/dekkbi.com\/index.php?rest_route=%2Fwp%2Fv2%2Ftags&post=22771"}],"curies":[{"name":"wp","href":"https:\/\/api.w.org\/{rel}","templated":true}]}}