{"id":22765,"date":"2023-10-04T10:01:39","date_gmt":"2023-10-04T10:01:39","guid":{"rendered":"https:\/\/dekkbi.com\/?p=22765"},"modified":"2023-10-04T10:01:40","modified_gmt":"2023-10-04T10:01:40","slug":"les-chretiens-de-jerusalem-pris-pour-cible-par-des-juifs-extremistes","status":"publish","type":"post","link":"https:\/\/dekkbi.com\/?p=22765","title":{"rendered":"Les chr\u00e9tiens de J\u00e9rusalem pris pour cible par des juifs extr\u00e9mistes"},"content":{"rendered":"\n<p>Crachats, insultes, profanation d\u2019\u00e9glise et de cimeti\u00e8re&#8230;\u00a0Le minist\u00e8re des Affaires \u00e9trang\u00e8res isra\u00e9lien a publi\u00e9, mardi 3 octobre, un communiqu\u00e9 pour d\u00e9noncer des actes \u00ab\u00a0<em>odieux<\/em>\u00a0\u00bb. Depuis l\u2019arriv\u00e9e au pouvoir de l\u2019extr\u00eame droite en Isra\u00ebl, en fin d\u2019ann\u00e9e derni\u00e8re, les attaques contre les chr\u00e9tiens sont r\u00e9currentes \u00e0 J\u00e9rusalem.<\/p>\n\n\n\n<p>\u00c0 chaque nouvelle attaque contre des chr\u00e9tiens, Isra\u00ebl condamne, mais les autorit\u00e9s de l&rsquo;\u00c9tat h\u00e9breu s\u00e9vissent rarement contre les agresseurs, \u00e9crit notre correspondant \u00e0 J\u00e9rusalem,&nbsp;<strong>Sami Boukhelifa<\/strong>. Les violences sont pourtant document\u00e9es. Des vid\u00e9os montrent r\u00e9guli\u00e8rement des juifs religieux s\u2019en prendre \u00e0 des membres de la communaut\u00e9 chr\u00e9tienne. Interrog\u00e9 plus t\u00f4t cette ann\u00e9e, Miran Gregorian, un commer\u00e7ant chr\u00e9tien de la vieille ville de J\u00e9rusalem, a film\u00e9 un groupe de jeunes colons isra\u00e9liens en train de vandaliser son restaurant. \u00ab<em>&nbsp;La police n&rsquo;a jamais donn\u00e9 suite&nbsp;<\/em>\u00bb, regrette-t-il.<\/p>\n\n\n\n<p><\/p>\n\n\n\n<p>Cette semaine, Isra\u00ebl c\u00e9l\u00e8bre la f\u00eate juive de Souccot. De quoi entra\u00eener une importante affluence dans la cit\u00e9 plusieurs fois mill\u00e9naires, o\u00f9 se trouvent les lieux saints des trois grandes religions du livre. Dans les ruelles \u00e9troites de la ville sainte, se croisent d\u00e9sormais des p\u00e8lerins des trois confessions. Une situation extr\u00eamement tendue. Une forte pr\u00e9sence polici\u00e8re, qui n\u2019emp\u00eache pas pour autant des juifs extr\u00e9mistes de cracher sur les chr\u00e9tiens, qu\u2019ils consid\u00e8rent comme des idol\u00e2tres.<\/p>\n\n\n\n<h2 class=\"wp-block-heading\">Netanyahu promet la \u00ab&nbsp;<em>tol\u00e9rance z\u00e9ro<\/em>&nbsp;\u00bb<\/h2>\n\n\n\n<p>Le 21 septembre, le patriarche latin de J\u00e9rusalem Pierbattista Pizzaballa avait not\u00e9 que le ph\u00e9nom\u00e8ne des attaques contre les chr\u00e9tiens dans la Vieille Ville n&rsquo;\u00e9tait \u00ab&nbsp;<em>pas nouveau<\/em>&nbsp;\u00bb mais qu&rsquo;on observait \u00ab<em>&nbsp;une hausse des chiffres<\/em>&nbsp;\u00bb sur une \u00ab&nbsp;<em>p\u00e9riode r\u00e9cente<\/em>&nbsp;\u00bb.<\/p>\n\n\n\n<p>Apr\u00e8s la diffusion sur les r\u00e9seaux sociaux d&rsquo;une nouvelle vid\u00e9o montrant des fid\u00e8les juifs cracher au passage de p\u00e8lerins chr\u00e9tiens \u00e0 J\u00e9rusalem, le Premier ministre isra\u00e9lien a promis mardi 3 octobre&nbsp;dans un communiqu\u00e9 une \u00ab<em>&nbsp;tol\u00e9rance z\u00e9ro<\/em>&nbsp;\u00bb face aux \u00ab<em>&nbsp;atteintes aux croyants<\/em>&nbsp;\u00bb.&nbsp;\u00ab<em>&nbsp;Je condamne fermement toute atteinte aux croyants et nous allons prendre des mesures d&rsquo;urgence contre ce genre d&rsquo;actions<\/em>&nbsp;\u00bb, a d\u00e9clar\u00e9 Benjamin Netanyahu.<\/p>\n\n\n\n<p>Le texte ne fait r\u00e9f\u00e9rence \u00e0 aucun \u00e9v\u00e9nement pr\u00e9cis, mais la vid\u00e9o de la veille \u2013 non authentifi\u00e9e \u2013 montre un groupe de juifs ultra-orthodoxes c\u00e9l\u00e9brant la f\u00eate de Souccot, parmi lesquels de jeunes gar\u00e7ons, cracher par terre au passage de p\u00e8lerins portant une croix sur la Via Dolorosa, le parcours traditionnel du chemin de croix rappelant la Passion du Christ dans la Vieille Ville de J\u00e9rusalem.<\/p>\n\n\n\n<p><\/p>\n\n\n\n<p>(<em>Et avec<\/em>&nbsp;AFP)<\/p>\n","protected":false},"excerpt":{"rendered":"<p>Crachats, insultes, profanation d\u2019\u00e9glise et de cimeti\u00e8re&#8230;\u00a0Le minist\u00e8re des Affaires \u00e9trang\u00e8res isra\u00e9lien a publi\u00e9, mardi 3 octobre, un communiqu\u00e9 pour<\/p>\n","protected":false},"author":1,"featured_media":22766,"comment_status":"open","ping_status":"open","sticky":false,"template":"","format":"standard","meta":{"footnotes":""},"categories":[26],"tags":[],"class_list":["post-22765","post","type-post","status-publish","format-standard","has-post-thumbnail","hentry","category-fait-divers"],"_links":{"self":[{"href":"https:\/\/dekkbi.com\/index.php?rest_route=\/wp\/v2\/posts\/22765","targetHints":{"allow":["GET"]}}],"collection":[{"href":"https:\/\/dekkbi.com\/index.php?rest_route=\/wp\/v2\/posts"}],"about":[{"href":"https:\/\/dekkbi.com\/index.php?rest_route=\/wp\/v2\/types\/post"}],"author":[{"embeddable":true,"href":"https:\/\/dekkbi.com\/index.php?rest_route=\/wp\/v2\/users\/1"}],"replies":[{"embeddable":true,"href":"https:\/\/dekkbi.com\/index.php?rest_route=%2Fwp%2Fv2%2Fcomments&post=22765"}],"version-history":[{"count":1,"href":"https:\/\/dekkbi.com\/index.php?rest_route=\/wp\/v2\/posts\/22765\/revisions"}],"predecessor-version":[{"id":22767,"href":"https:\/\/dekkbi.com\/index.php?rest_route=\/wp\/v2\/posts\/22765\/revisions\/22767"}],"wp:featuredmedia":[{"embeddable":true,"href":"https:\/\/dekkbi.com\/index.php?rest_route=\/wp\/v2\/media\/22766"}],"wp:attachment":[{"href":"https:\/\/dekkbi.com\/index.php?rest_route=%2Fwp%2Fv2%2Fmedia&parent=22765"}],"wp:term":[{"taxonomy":"category","embeddable":true,"href":"https:\/\/dekkbi.com\/index.php?rest_route=%2Fwp%2Fv2%2Fcategories&post=22765"},{"taxonomy":"post_tag","embeddable":true,"href":"https:\/\/dekkbi.com\/index.php?rest_route=%2Fwp%2Fv2%2Ftags&post=22765"}],"curies":[{"name":"wp","href":"https:\/\/api.w.org\/{rel}","templated":true}]}}