{"id":2274,"date":"2022-10-26T09:38:20","date_gmt":"2022-10-26T09:38:20","guid":{"rendered":"https:\/\/dekkbi.com\/?p=2274"},"modified":"2022-10-26T09:38:21","modified_gmt":"2022-10-26T09:38:21","slug":"entre-olaf-scholz-et-emmanuel-macron-une-rencontre-pour-apaiser-les-tensions","status":"publish","type":"post","link":"https:\/\/dekkbi.com\/?p=2274","title":{"rendered":"Entre Olaf Scholz et Emmanuel Macron, une rencontre pour apaiser les tensions"},"content":{"rendered":"\n<p><strong>Le chancelier allemand sera ce mercredi 26 octobre \u00e0 Paris pour un d\u00e9jeuner de travail avec le pr\u00e9sident fran\u00e7ais. Cette visite intervient alors qu&rsquo;un Conseil des ministres franco-allemand pr\u00e9vu ce jour \u00e0 Fontainebleau a \u00e9t\u00e9 annul\u00e9 il y a une semaine.<\/strong><\/p>\n\n\n\n<p>\u00ab&nbsp;<em>Les repas en commun au plus haut niveau ont toujours d\u00e9tendu les relations difficiles entre la France et l\u2019Allemagne&nbsp;<\/em>\u00bb, observe le quotidien&nbsp;<em>S\u00fcddeutsche Zeitung,&nbsp;<\/em>rappelant&nbsp;par la m\u00eame occasion que les relations entre les deux pays ont toujours \u00e9t\u00e9 marqu\u00e9es par des tensions. Le report \u00e0 janvier d&rsquo;un Conseil franco-allemand a montr\u00e9 l&rsquo;ampleur des d\u00e9saccords. Un report qui a d&rsquo;ailleurs fait moins de vagues \u00e0 Berlin qu&rsquo;\u00e0 Paris, rapporte notre correspondant,&nbsp;<strong>Pascal Thibaut<\/strong>.<\/p>\n\n\n\n<p>Sur les\u00a0<strong>questions \u00e9nerg\u00e9tiques<\/strong>, les deux mod\u00e8les diff\u00e9rents des deux pays ne facilitent pas les accords. Berlin s\u2019oppose \u00e0 un plafonnement du prix du gaz en Europe que pr\u00e9conise Paris. L\u2019Allemagne, plus d\u00e9pendante de cette source d\u2019\u00e9nergie, craint que les fournisseurs se d\u00e9tournent vers d\u2019autres clients. Le bouclier \u00e9nerg\u00e9tique de Berlin de 200 milliards d\u2019euros a suscit\u00e9 des critiques \u00e0 Paris et ailleurs.\u00a0Paris n\u2019en a d\u2019ailleurs pas \u00e9t\u00e9 inform\u00e9. Olaf Scholz qui vantait les mesures ici, a cherch\u00e9 ensuite \u00e0 les minimiser aupr\u00e8s de ses voisins europ\u00e9ens.<\/p>\n\n\n\n<h2 class=\"wp-block-heading\">Une coop\u00e9ration industrielle de d\u00e9fense quasiment \u00e0 l&rsquo;arr\u00eat<\/h2>\n\n\n\n<p>Outre la politique \u00e9nerg\u00e9tique, Olaf Scholz et Emmanuel Macron devrait parler\u00a0armement. Fort de son m\u00e9ga budget de 100 milliards d&rsquo;euros, Berlin ne cache plus son ambition de faire cavalier seul en mati\u00e8re de d\u00e9fense. Ainsi, concernant le bouclier anti-missile, le chancelier allemand a laiss\u00e9 entendre cet \u00e9t\u00e9 qu&rsquo;il se verrait bien prendre la main sur ce projet\u00a0\u00e0 vocation europ\u00e9enne. Ce futur\u00a0<strong>bouclier du ciel<\/strong>\u00a0a depuis s\u00e9duit quatorze pays de l&rsquo;Otan, et sera compos\u00e9 de mat\u00e9riels allemands, am\u00e9ricains et peut-\u00eatre isra\u00e9liens, alors que des capacit\u00e9s anti-missile existent d\u00e9j\u00e0 en Europe, notamment avec le \u00ab Mamba \u00bb, produit en France.<\/p>\n\n\n\n<p>Autre pierre d&rsquo;achoppement&nbsp;:&nbsp;l&rsquo;avion de combat du futur. Depuis plus d&rsquo;un an, ce programme strat\u00e9gique est \u00e0 l&rsquo;arr\u00eat. Apr\u00e8s des mois d&rsquo;\u00e2pres discussions, aucun accord n&rsquo;a \u00e9t\u00e9 trouv\u00e9 entre le fran\u00e7ais Dassault et Airbus qui repr\u00e9sente les int\u00e9r\u00eats allemands. Le groupe tricolore, initialement d\u00e9sign\u00e9 ma\u00eetre d&rsquo;\u0153uvre du projet pour ses comp\u00e9tences incontestables en mati\u00e8re d&rsquo;avion de combat, refuse les exigences d&rsquo;Airbus,&nbsp;\u00e0 savoir le partage des brevets sur les commandes de vols, la partie la plus critique d&rsquo;un chasseur.<\/p>\n\n\n\n<p>Quant aux chars du futur et canons du futur, ils sont \u00e9galement dans l&rsquo;impasse et c&rsquo;est donc presque toute la coop\u00e9ration industrielle de d\u00e9fense franco-allemande qui est aujourd&rsquo;hui \u00e0 l&rsquo;arr\u00eat.<\/p>\n","protected":false},"excerpt":{"rendered":"<p>Le chancelier allemand sera ce mercredi 26 octobre \u00e0 Paris pour un d\u00e9jeuner de travail avec le pr\u00e9sident fran\u00e7ais. Cette<\/p>\n","protected":false},"author":1,"featured_media":2275,"comment_status":"open","ping_status":"open","sticky":false,"template":"","format":"standard","meta":{"footnotes":""},"categories":[6],"tags":[],"class_list":["post-2274","post","type-post","status-publish","format-standard","has-post-thumbnail","hentry","category-politics"],"_links":{"self":[{"href":"https:\/\/dekkbi.com\/index.php?rest_route=\/wp\/v2\/posts\/2274","targetHints":{"allow":["GET"]}}],"collection":[{"href":"https:\/\/dekkbi.com\/index.php?rest_route=\/wp\/v2\/posts"}],"about":[{"href":"https:\/\/dekkbi.com\/index.php?rest_route=\/wp\/v2\/types\/post"}],"author":[{"embeddable":true,"href":"https:\/\/dekkbi.com\/index.php?rest_route=\/wp\/v2\/users\/1"}],"replies":[{"embeddable":true,"href":"https:\/\/dekkbi.com\/index.php?rest_route=%2Fwp%2Fv2%2Fcomments&post=2274"}],"version-history":[{"count":1,"href":"https:\/\/dekkbi.com\/index.php?rest_route=\/wp\/v2\/posts\/2274\/revisions"}],"predecessor-version":[{"id":2276,"href":"https:\/\/dekkbi.com\/index.php?rest_route=\/wp\/v2\/posts\/2274\/revisions\/2276"}],"wp:featuredmedia":[{"embeddable":true,"href":"https:\/\/dekkbi.com\/index.php?rest_route=\/wp\/v2\/media\/2275"}],"wp:attachment":[{"href":"https:\/\/dekkbi.com\/index.php?rest_route=%2Fwp%2Fv2%2Fmedia&parent=2274"}],"wp:term":[{"taxonomy":"category","embeddable":true,"href":"https:\/\/dekkbi.com\/index.php?rest_route=%2Fwp%2Fv2%2Fcategories&post=2274"},{"taxonomy":"post_tag","embeddable":true,"href":"https:\/\/dekkbi.com\/index.php?rest_route=%2Fwp%2Fv2%2Ftags&post=2274"}],"curies":[{"name":"wp","href":"https:\/\/api.w.org\/{rel}","templated":true}]}}