{"id":22713,"date":"2023-10-03T10:24:25","date_gmt":"2023-10-03T10:24:25","guid":{"rendered":"https:\/\/dekkbi.com\/?p=22713"},"modified":"2023-10-03T10:24:26","modified_gmt":"2023-10-03T10:24:26","slug":"conference-de-laci-300-experts-en-transports-aeriens-attendus-a-dakar","status":"publish","type":"post","link":"https:\/\/dekkbi.com\/?p=22713","title":{"rendered":"Conf\u00e9rence de l&rsquo;ACI: 300 experts en transports a\u00e9riens attendus \u00e0 Dakar"},"content":{"rendered":"\n<p>Plus de 300 d\u00e9l\u00e9gu\u00e9s, managers, exposants et professionnels du secteur des transports vont r\u00e9fl\u00e9chir et partager des exp\u00e9riences sur &nbsp;la \u2018\u2019r\u00e9silience\u2019\u2019 des a\u00e9roports africains aux \u2018\u2019chocs exog\u00e8nes\u2019\u2019. Ce sera \u00e0 travers la conf\u00e9rence r\u00e9gionale de la section Afrique du Conseil international des a\u00e9roports (ACI) et l\u2019assembl\u00e9e g\u00e9n\u00e9rale de ladite organisation se tiendront du 14 au 20 octobre 2023 \u00e0 Dakar.&nbsp;<\/p>\n\n\n\n<p>En conf\u00e9rence de presse ce lundi, le secr\u00e9taire g\u00e9n\u00e9ral du minist\u00e8re des Transports a\u00e9riens et du D\u00e9veloppement des infrastructures a\u00e9roportuaires, Serigne Ahmadou Bamba Sy, a annonc\u00e9 que \u2018\u2019Cette conf\u00e9rence vient \u00e0 son heure et va permettre aux soci\u00e9t\u00e9s actives dans le transport a\u00e9rien au S\u00e9n\u00e9gal de discuter avec leurs homologues africaines, de partager leur exp\u00e9rience et aussi de trouver les voies et moyens de faire face aux chocs exog\u00e8nes\u2019\u2019, a-t-il expliqu\u00e9\u00a0<\/p>\n\n\n\n<p>Il a par ailleurs soulign\u00e9 que la conf\u00e9rence r\u00e9gionale de la section Afrique et l\u2019assembl\u00e9e g\u00e9n\u00e9rale de l\u2019ACI constituent un \u00e9v\u00e9nement \u2018\u2019majeur\u2019\u2019 pour le S\u00e9n\u00e9gal, qui, depuis 2020, acc\u00e9l\u00e8re la mise en \u0153uvre de sa strat\u00e9gie en mati\u00e8re d\u2019aviation civile, \u00e0 la suite de la cr\u00e9ation de la compagnie Air S\u00e9n\u00e9gal et de l\u2019ouverture de l\u2019a\u00e9roport international Blaise-Diagne<\/p>\n\n\n\n<p>Faisant allusion la pand\u00e9mie de coronavirus, Serigne Ahmadou Bamgrandes expliqu\u00e9 que cette grande rencontre est une opportunit\u00e9 pour rappeler l\u2019urgence de [\u2026] renforcer nos capacit\u00e9s de r\u00e9silience dans de pareilles situations\u2019\u2019.<\/p>\n\n\n\n<p>Selon lui, cette crise sanitaire a d\u00e9voil\u00e9 la \u2018\u2019fragilit\u00e9\u2019\u2019 des a\u00e9roports en Afrique et a montr\u00e9 la n\u00e9cessit\u00e9 d\u2019assurer la r\u00e9silience des a\u00e9roports par diverses solutions\u2019\u2019.<br>Quelque 300 d\u00e9l\u00e9gu\u00e9s attendus \u00e0 Dakar&nbsp;<br>Les deux rencontres pr\u00e9vues du 14 au 20 octobre ont pour th\u00e8me : \u2018\u2019La r\u00e9silience par l\u2019innovation\u2019\u2019.<\/p>\n\n\n\n<p>Elles seront l\u2019occasion pour les experts de l\u2019aviation civile de r\u00e9fl\u00e9chir aux voies et moyens de diversifier leurs revenus, selon M. Sy.<\/p>\n\n\n\n<p>Pour sa part, le &nbsp;directeur g\u00e9n\u00e9ral de Limak AIBD Summa, la soci\u00e9t\u00e9 charg\u00e9e de la gestion de l\u2019a\u00e9roport international Blaise-Diagne a pr\u00e9cis\u00e9 que \u2018\u2019L\u2019ACI Afrique repr\u00e9sente tous les a\u00e9roports du continent africain. C\u2019est tr\u00e8s important de rencontrer nos partenaires, de trouver des solutions aux probl\u00e8mes qu\u2019ils rencontrent et de discuter des technologies et des innovations\u2019\u2019 de l\u2019a\u00e9ronautique.&nbsp;<\/p>\n\n\n\n<p>Selon Askin Demir, les experts vont s\u2019appesantir sur la r\u00e9silience des a\u00e9roports africains, lors de l\u2019\u00e9v\u00e9nement pr\u00e9vu \u00e0 Dakar.<\/p>\n\n\n\n<p>\u2018\u2019Tous les a\u00e9roports d\u2019Afrique seront avec nous. Il y aura quelque 300 d\u00e9l\u00e9gu\u00e9s [\u2026] Ce serait tr\u00e8s important pour nous de nous rencontrer et de partager nos exp\u00e9riences\u2019\u2019, a dit Askin Demir.<\/p>\n\n\n\n<figure class=\"wp-block-embed is-type-rich is-provider-prise-en-charge-des-contenus-embarques wp-block-embed-prise-en-charge-des-contenus-embarques wp-embed-aspect-16-9 wp-has-aspect-ratio\"><div class=\"wp-block-embed__wrapper\">\n<iframe loading=\"lazy\" title=\"Conference de l&#039;ACI: 300 experts en transports a\u00e9riens attendus \u00e0 Dakar\" width=\"800\" height=\"450\" src=\"https:\/\/www.youtube.com\/embed\/pOp3i5O8Vxw?feature=oembed\" frameborder=\"0\" allow=\"accelerometer; autoplay; clipboard-write; encrypted-media; gyroscope; picture-in-picture; web-share\" allowfullscreen><\/iframe>\n<\/div><\/figure>\n","protected":false},"excerpt":{"rendered":"<p>Plus de 300 d\u00e9l\u00e9gu\u00e9s, managers, exposants et professionnels du secteur des transports vont r\u00e9fl\u00e9chir et partager des exp\u00e9riences sur &nbsp;la<\/p>\n","protected":false},"author":1,"featured_media":22716,"comment_status":"open","ping_status":"open","sticky":false,"template":"","format":"standard","meta":{"footnotes":""},"categories":[3],"tags":[],"class_list":["post-22713","post","type-post","status-publish","format-standard","has-post-thumbnail","hentry","category-event-more-news"],"_links":{"self":[{"href":"https:\/\/dekkbi.com\/index.php?rest_route=\/wp\/v2\/posts\/22713","targetHints":{"allow":["GET"]}}],"collection":[{"href":"https:\/\/dekkbi.com\/index.php?rest_route=\/wp\/v2\/posts"}],"about":[{"href":"https:\/\/dekkbi.com\/index.php?rest_route=\/wp\/v2\/types\/post"}],"author":[{"embeddable":true,"href":"https:\/\/dekkbi.com\/index.php?rest_route=\/wp\/v2\/users\/1"}],"replies":[{"embeddable":true,"href":"https:\/\/dekkbi.com\/index.php?rest_route=%2Fwp%2Fv2%2Fcomments&post=22713"}],"version-history":[{"count":1,"href":"https:\/\/dekkbi.com\/index.php?rest_route=\/wp\/v2\/posts\/22713\/revisions"}],"predecessor-version":[{"id":22717,"href":"https:\/\/dekkbi.com\/index.php?rest_route=\/wp\/v2\/posts\/22713\/revisions\/22717"}],"wp:featuredmedia":[{"embeddable":true,"href":"https:\/\/dekkbi.com\/index.php?rest_route=\/wp\/v2\/media\/22716"}],"wp:attachment":[{"href":"https:\/\/dekkbi.com\/index.php?rest_route=%2Fwp%2Fv2%2Fmedia&parent=22713"}],"wp:term":[{"taxonomy":"category","embeddable":true,"href":"https:\/\/dekkbi.com\/index.php?rest_route=%2Fwp%2Fv2%2Fcategories&post=22713"},{"taxonomy":"post_tag","embeddable":true,"href":"https:\/\/dekkbi.com\/index.php?rest_route=%2Fwp%2Fv2%2Ftags&post=22713"}],"curies":[{"name":"wp","href":"https:\/\/api.w.org\/{rel}","templated":true}]}}