{"id":22699,"date":"2023-10-03T09:31:45","date_gmt":"2023-10-03T09:31:45","guid":{"rendered":"https:\/\/dekkbi.com\/?p=22699"},"modified":"2023-10-03T09:31:48","modified_gmt":"2023-10-03T09:31:48","slug":"libertes-publiques-versus-autorite-de-letat-quelles-lecons-tirees-des-saccages-de-lucad-en-juin-2023","status":"publish","type":"post","link":"https:\/\/dekkbi.com\/?p=22699","title":{"rendered":"Libert\u00e9s publiques versus autorit\u00e9 de l\u2019Etat : Quelles le\u00e7ons tir\u00e9es des saccages de l\u2019UCAD en Juin 2023"},"content":{"rendered":"\n<p>Depuis plus de deux ans maintenant, la vie publique s\u00e9n\u00e9galaise est caract\u00e9ris\u00e9e par une r\u00e9elle crispation et une v\u00e9ritable tension politique, en raison des sc\u00e8nes de violence d&rsquo;une ampleur sans pr\u00e9c\u00e9dent.<\/p>\n\n\n\n<p>Il est vrai que la tension politique est consubstantielle \u00e0 notre d\u00e9mocratie ; il est tout aussi vrai que tant les p\u00e9riodes pr\u00e9-\u00e9lectorales que celles qui suivent les op\u00e9rations \u00e9lectorales \u00a0sont souvent marqu\u00e9es par des turbulences, des arrestations d&rsquo;opposants, et parfois m\u00eame des morts d\u2019hommes. Cependant, les observateurs avertis de la vie politique s\u00e9n\u00e9galaise conviendront que notre pays n\u2019a pas connu par le pass\u00e9 une crise politique d\u2019une aussi grande ampleur que celle qu\u2019il a r\u00e9cemment travers\u00e9e. S\u2019y ajoute une certaine polarisation de la vie publique, o\u00f9 il est presque impossible de trouver une position neutre : dans les repr\u00e9sentations, on est forc\u00e9ment pour un camp ou contre un autre.<\/p>\n\n\n\n<p>Les p\u00e9titions en faveur d\u2019un camp ou contre un autre, se multiplient, et les intellectuels et\/ou universitaires d&rsquo;ici et d&rsquo;ailleurs sont souvent sollicit\u00e9s. L&rsquo;auteur de ces lignes n&rsquo;est manifestement pas un cas isol\u00e9, car il a cosign\u00e9 une d\u00e9claration commune avec plus de 1200 autres acteurs (D1200 dans la suite du texte), prenant ainsi position \u00e0 l&rsquo;oppos\u00e9 d&rsquo;une autre d\u00e9claration sign\u00e9e par plus de 140 (D140) autres acteurs de la vie publique. C\u2019est le lieu de rappeler que ces derniers d\u00e9non\u00e7aient, dans leur d\u00e9claration, en date du 23 ao\u00fbt 2023, un totalitarisme rampant au S\u00e9n\u00e9gal, notamment l&rsquo;arrestation d&rsquo;opposants, et appelaient &nbsp;\u00e0 leur lib\u00e9ration ainsi que leur participation aux prochaines \u00e9lections.<\/p>\n\n\n\n<p>PUBLICIT\u00c9<ins><\/ins><\/p>\n\n\n\n<p>https:\/\/googleads.g.doubleclick.net\/pagead\/ads?client=ca-pub-1061267829283799&#038;output=html&#038;h=280&#038;slotname=6278719341&#038;adk=2611373739&#038;adf=749620034&#038;pi=t.ma~as.6278719341&#038;w=360&#038;fwrn=4&#038;fwrnh=100&#038;lmt=1696325380&#038;rafmt=1&#038;format=360&#215;280&#038;url=https%3A%2F%2Fwww.igfm.sn%2Flibertes-publiques-versus-autorite-de-l-etat-quelles-lecons-tirees-des-saccages-de-l-ucad-en-juin-2023&#038;fwr=0&#038;fwrattr=true&#038;rpe=1&#038;resp_fmts=3&#038;wgl=1&#038;uach=WyJXaW5kb3dzIiwiMTAuMC4wIiwieDg2IiwiIiwiMTE3LjAuNTkzOC4xMzIiLFtdLDAsbnVsbCwiNjQiLFtbIkdvb2dsZSBDaHJvbWUiLCIxMTcuMC41OTM4LjEzMiJdLFsiTm90O0E9QnJhbmQiLCI4LjAuMC4wIl0sWyJDaHJvbWl1bSIsIjExNy4wLjU5MzguMTMyIl1dLDBd&#038;dt=1696325325545&#038;bpp=7&#038;bdt=2501&#038;idt=1492&#038;shv=r20230928&#038;mjsv=m202309210101&#038;ptt=9&#038;saldr=aa&#038;abxe=1&#038;cookie=ID%3Dfaebd656cd05565b-222d2f91ddd700a7%3AT%3D1671202424%3ART%3D1696325277%3AS%3DALNI_MZlhlBjqfvmh516HXlJT_jIJ-LeSw&#038;gpic=UID%3D00000c3823809a9a%3AT%3D1685437908%3ART%3D1696325277%3AS%3DALNI_MZAJ6AZSWFjQ69J21zdwMj0NECANQ&#038;prev_fmts=0x0%2C360x280%2C338x303%2C338x303%2C789x292%2C360x280&#038;nras=2&#038;correlator=7049030908550&#038;frm=20&#038;pv=1&#038;ga_vid=2075730594.1585473493&#038;ga_sid=1696325326&#038;ga_hid=1959125666&#038;ga_fc=1&#038;u_tz=0&#038;u_his=5&#038;u_h=409&#038;u_w=727&#038;u_ah=388&#038;u_aw=727&#038;u_cd=24&#038;u_sd=1.692&#038;dmc=4&#038;adx=24&#038;ady=2782&#038;biw=789&#038;bih=292&#038;scr_x=0&#038;scr_y=1681&#038;eid=44759875%2C44759926%2C31078144%2C44801485%2C44803793%2C31067146%2C31067147%2C31067148%2C31068556&#038;oid=2&#038;pvsid=796499862388246&#038;tmod=80143897&#038;uas=3&#038;nvt=1&#038;ref=https%3A%2F%2Fwww.igfm.sn%2F&#038;fc=1920&#038;brdim=0%2C0%2C0%2C0%2C727%2C0%2C727%2C388%2C808%2C310&#038;vis=1&#038;rsz=dM%7C%7Caebr%7Cp&#038;abl=XS&#038;pfx=0&#038;fu=1152&#038;bc=31&#038;td=1&#038;nt=1&#038;ifi=4&#038;uci=a!4&#038;btvi=4&#038;fsb=1&#038;xpc=s54NSzGe6f&#038;p=https%3A\/\/www.igfm.sn&#038;dtd=54874<\/p>\n\n\n\n<p>L&rsquo;objectif de cette contribution est, dans le respect des diff\u00e9rences, de proposer une lecture lucide et sans passion, de la situation politique actuelle, qui, sans pr\u00e9tendre \u00e0 la neutralit\u00e9 intellectuelle, contribuera, je l&rsquo;esp\u00e8re, \u00e0 enrichir le d\u00e9bat public.<\/p>\n\n\n\n<p>Le combat pour la lib\u00e9ration d\u2019hommes politiques d\u00e9tenus peut-il justifier les actes dirig\u00e9s contre certaines institutions dont l\u2019universit\u00e9 ?<\/p>\n\n\n\n<p>&nbsp;Pour r\u00e9pondre \u00e0 la question ainsi pos\u00e9e, je voudrais rev\u00eatir ma casquette de Recteur et de simple acteur d&rsquo;une universit\u00e9 qui a \u00e9t\u00e9 vandalis\u00e9e, incendi\u00e9e et humili\u00e9e pour exprimer mon point de vue. Je voudrais d\u2019ores et d\u00e9j\u00e0 rappeler que depuis un certain temps, notre universit\u00e9 a d\u00e9cid\u00e9 de mettre \u00e0 son service les technologies de l\u2019information et de la communication ainsi que l\u2019expertise de son personnel, enseignant comme administratif et technique, pour accroitre ses performances dans tous les domaines. Dans ce cadre, elle a consid\u00e9rablement am\u00e9lior\u00e9 son syst\u00e8me de s\u00e9curit\u00e9, en mettant en place une plate-forme de vid\u00e9o-surveillance et de reconnaissance faciale, dont l&rsquo;efficacit\u00e9 semble encore m\u00e9connue du grand public.<\/p>\n\n\n\n<p>\u00c0 ce jour, il est tr\u00e8s difficile pour quiconque de commettre un m\u00e9fait dans l&rsquo;enceinte de l&rsquo;UCAD sans \u00eatre identifi\u00e9. \u00c0 la suite des \u00e9v\u00e9nements malheureux de juin 2023, &nbsp;une plainte contre X avait \u00e9t\u00e9 d\u00e9pos\u00e9e au niveau de la S\u00fbret\u00e9 Urbaine ; elle \u00e9tait accompagn\u00e9e d&rsquo;images capt\u00e9es par notre syst\u00e8me de surveillance interne. Par cons\u00e9quent, cela n&rsquo;a pas \u00e9t\u00e9 une surprise pour nous lorsque la police a annonc\u00e9 l&rsquo;arrestation de celui qui passe pour \u00eatre le \u00ab\u00a0cerveau\u00a0\u00bb des saccages de l&rsquo;UCAD, sur la base des images fournies par nos services. S\u2019il est vrai que l&rsquo;existence de telles pi\u00e8ces \u00e0 conviction ne saurait \u00eatre assimil\u00e9e, avant l\u2019intervention d\u2019une d\u00e9cision de justice, \u00e0 une preuve de la culpabilit\u00e9 des personnes arr\u00eat\u00e9es dans le processus d&rsquo;investigation criminelle en cours, il n\u2019en demeure pas moins qu\u2019elles suscitent des questions auxquelles les personnes incrimin\u00e9es ont l&rsquo;imp\u00e9rieuse obligation de r\u00e9pondre, ne serait-ce que pour apporter leur concours \u00e0 la justice, et, ainsi, contribuer \u00e0 la manifestation de la v\u00e9rit\u00e9 devant le tribunal de l&rsquo;histoire. C&rsquo;est l\u00e0 que je r\u00e9prouve la strat\u00e9gie de d\u00e9fense de certains hommes politiques qui refusent de r\u00e9pondre aux convocations de la justice et, qui lorsqu&rsquo;ils sont oblig\u00e9s de compara\u00eetre, refusent de r\u00e9pondre aux questions des magistrats.<\/p>\n\n\n\n<p>Mon sentiment est que, dans les proc\u00e9dures en cours, toute personne interpell\u00e9e par la justice, qu\u2019elle soit membre d\u2019un parti politique ou qu\u2019elle pr\u00e9tende se pr\u00e9senter \u00e0 la prochaine \u00e9lection pr\u00e9sidentielle, doit r\u00e9pondre, car il ne &nbsp;pourrait y avoir, pour les hommes politiques, une immunit\u00e9 que rien ne saurait justifier. Dans la m\u00eame optique, on ne saurait \u00eatre d&rsquo;accord avec ceux qui proposent que soient lib\u00e9r\u00e9s sans aucune garantie ceux qui refusent de r\u00e9pondre aux questions l\u00e9gitimes pos\u00e9es par les magistrats et les officiers de police judiciaire, qui attendent urgemment des r\u00e9ponses de leur part. Qu&rsquo;ils soient en libert\u00e9 ou en d\u00e9tention, nous avons besoin qu&rsquo;ils comparaissent devant la justice pour que la v\u00e9rit\u00e9 \u00e9clate enfin. Il ne peut \u00eatre question pour l&rsquo;universit\u00e9 de faire passer par pertes et profits les crimes ignobles qui ont \u00e9t\u00e9 perp\u00e9tr\u00e9s dans son espace p\u00e9dagogique lors de la journ\u00e9e du 1er juin et de celles qui l&rsquo;ont pr\u00e9c\u00e9d\u00e9e. Les autres crimes perp\u00e9tr\u00e9s ailleurs dans le pays doivent \u00e9galement \u00eatre \u00e9lucid\u00e9s, et leurs auteurs, complices et commanditaires, doivent \u00eatre identifi\u00e9s et punis.&nbsp;<\/p>\n\n\n\n<p>Libert\u00e9s publiques et autorit\u00e9 de l\u2019Etat<\/p>\n\n\n\n<p>Les r\u00e9centes violences politiques observ\u00e9es au S\u00e9n\u00e9gal et les vagues d&rsquo;arrestations des leaders politiques et d&rsquo;opinions qui ont suivi ont relanc\u00e9 le d\u00e9bat sur le caract\u00e8re d\u00e9mocratique ou non du S\u00e9n\u00e9gal. Selon certaines r\u00e9centes tribunes sign\u00e9es par des intellectuels de grande r\u00e9putation, soit individuellement soit en groupe, le pays aurait connu un recul d\u00e9mocratique sans pr\u00e9c\u00e9dent et ne m\u00e9riterait plus son statut de vitrine de la d\u00e9mocratie en Afrique. Bien s\u00fbr, le camp oppos\u00e9 a r\u00e9agi face \u00e0 ces accusations avec des arguments qui ne manquent pas de poids. \u00c0 mon avis, une faiblesse marquante de l&rsquo;argumentaire pr\u00e9sent\u00e9 dans les deux cas est le manque criant de donn\u00e9es tangibles pour les \u00e9tayer. D&rsquo;un c\u00f4t\u00e9, on brandit des manifestes politiques sans grande base scientifique, si l&rsquo;on ne se limite pas \u00e0 des injures ou des jugements de valeur sans fondement. De l&rsquo;autre c\u00f4t\u00e9, on met en avant le bilan du r\u00e9gime en place, sans grande nuance et on se livre \u00e0 des comparaisons souvent h\u00e2tives entre le S\u00e9n\u00e9gal et les grandes d\u00e9mocraties comme les \u00c9tats-Unis et la France. Dans les deux cas, la passion semble l&#8217;emporter sur la rigueur de l&rsquo;analyse.<\/p>\n\n\n\n<p>Dans un climat de crise mondiale de la d\u00e9mocratie, un rapide examen des indicateurs de gouvernance et de libert\u00e9s publiques r\u00e9v\u00e8le clairement que le S\u00e9n\u00e9gal maintient sa position en tant que d\u00e9mocratie et pays de libert\u00e9 hormis les r\u00e9cents d\u00e9veloppements politiques. Le rapport Freedom House pour l\u2019ann\u00e9e 2023 lui attribue un score de 68 % en ce qui concerne les droits politiques et les libert\u00e9s civiles. Le rapport du Freedom est publi\u00e9 annuellement par une \u00e9quipe d&rsquo;analystes et d\u2019experts issus de divers milieux professionnels, qui utilisent une large gamme de sources d\u2019informations pour \u00e9valuer les pays et les territoires du monde. Le score de chaque pays est d\u00e9termin\u00e9 en combinant une panoplie d\u2019indicateurs qui sont regroup\u00e9s dans sept strates : les droits politiques, le pluralisme politique, le fonctionnement de l\u2019Etat, les libert\u00e9s civiles, les droits d\u2019association et d\u2019organisation, l\u2019Etat de droit, et enfin l\u2019autonomie individuelle et les droits individuels.<\/p>\n\n\n\n<p>Parmi les pays africains inclus dans ce classement (presque tous), le S\u00e9n\u00e9gal occupe la dixi\u00e8me place. Comme le met en exergue le graphique ci-dessous, au fil des ann\u00e9es, le S\u00e9n\u00e9gal a maintenu un score en termes de droits politiques et de libert\u00e9s civiles qui est constamment sup\u00e9rieur aux moyennes r\u00e9gionale (Afrique de l\u2019ouest), continentale (Afrique) et mondiale. Le S\u00e9n\u00e9gal est mieux class\u00e9 que des pays comme le Kenya, la Tanzanie, Singapour, la Malaisie, la Turquie, le Mexique, et j\u2019en passe. Son score est ainsi sup\u00e9rieur de 33% \u00e0 la moyenne de la CEDEAO, 28% \u00e0 la moyenne mondiale et 70% \u00e0 la moyenne africaine. \u00a0Les \u00e9valuations d&rsquo;autres institutions, telles que le Millenium Challenge Corporation (MCC) et l\u2019indice Mo Ibrahim, vont dans la m\u00eame direction. Il est cependant important de noter que le score du S\u00e9n\u00e9gal s\u2019est l\u00e9g\u00e8rement d\u00e9t\u00e9rior\u00e9 au fil de ces trois derni\u00e8res ann\u00e9es ; ce recul est d\u00fb aux \u00e9v\u00e9nements que nous connaissons, sans pour autant constituer une exception sur le plan mondial. Des pays r\u00e9f\u00e9rences de la d\u00e9mocratie tels que la France, les \u00c9tats-Unis, et la Grande Bretagne ont connu un sort similaire sur la m\u00eame p\u00e9riode. Par exemple, le score des \u00c9tats Unis est pass\u00e9 de 86% en 2019 \u00e0 83% en 2023. En fin de compte, ces donn\u00e9es mettent en relief la n\u00e9cessit\u00e9 d&rsquo;une vigilance constante et d&rsquo;un engagement renouvel\u00e9 en faveur de la d\u00e9mocratie, non seulement au S\u00e9n\u00e9gal mais \u00e9galement \u00e0 l&rsquo;\u00e9chelle internationale. Mais ces fluctuations refl\u00e8tent \u00e9galement la tension qui apparait de plus en plus entre la n\u00e9cessit\u00e9 de pr\u00e9server les libert\u00e9s publiques et celles de r\u00e9primer, m\u00eame dans les grandes d\u00e9mocraties, les vell\u00e9it\u00e9s de certains groupes (terroristes, subversifs, et autres) d\u2019exploiter les failles des syst\u00e8mes politiques libres pour faire avancer leur agenda.<\/p>\n\n\n\n<p>Par ailleurs, il est important de noter que l&rsquo;objectif premier de tout syst\u00e8me politique, quel qu&rsquo;il soit, est la pr\u00e9servation de sa propre survie. Dans tous les pays, qu&rsquo;ils soient d\u00e9mocratiques ou non, d\u00e8s que la survie du syst\u00e8me est menac\u00e9e, des mesures d&rsquo;exception deviennent n\u00e9cessaires pour en assurer la protection ainsi que celle des avantages qu&rsquo;il procure \u00e0 tous. L\u2019opposition qui est souvent faite, dans les r\u00e9centes tribunes, entre l\u2019exercice de l\u2019autorit\u00e9 de l\u2019Etat et la protection des libert\u00e9s publiques et la d\u00e9mocratie ne me semble pas appropri\u00e9e. Seul un Etat fort et juste est en mesure de garantir les libert\u00e9s publiques et la pr\u00e9servation du syst\u00e8me politique. &nbsp;Les actes de gu\u00e9rilla urbaine que le pays a connues ces derniers mois, constituent, \u00e0 n\u2019en point douter, un important d\u00e9fi \u00e0 l\u2019autorit\u00e9 de l\u2019Etat et \u00e0 sa stabilit\u00e9. \u00c0 mon avis, sans tomber dans l\u2019exc\u00e8s, il est important que l&rsquo;\u00c9tat du S\u00e9n\u00e9gal poursuive, de fa\u00e7on impartiale, ses efforts visant \u00e0 r\u00e9tablir l&rsquo;ordre et la s\u00e9curit\u00e9 publique, qui constituent des \u00e9l\u00e9ments fondamentaux de ses responsabilit\u00e9s r\u00e9galiennes. Toute d\u00e9faillance ou faiblesse dans l&rsquo;ex\u00e9cution de cette mission pourrait entra\u00eener une prise en main par les populations de leur propre s\u00e9curit\u00e9, ou des ing\u00e9rences \u00e9trang\u00e8res opportunistes. L&rsquo;exemple des \u00c9tats en faillite, comme Ha\u00efti et bien d&rsquo;autres, doit nous rappeler cette r\u00e9alit\u00e9.<\/p>\n\n\n\n<p>Pourquoi j&rsquo;ai cosign\u00e9 la d\u00e9claration du G1200<\/p>\n\n\n\n<p>En souscrivant \u00e0 une d\u00e9claration commune avec plus de 1200 autres cosignataires, \u00e0 la date du 28 ao\u00fbt 2023, j\u2019\u00e9tais guid\u00e9 par la volont\u00e9 de prendre ouvertement position contre la d\u00e9claration de 140 intellectuels et universitaires demandant l&rsquo;\u00e9largissement d\u2019un homme politique mis en d\u00e9tention. \u00c0 cet \u00e9gard, une question pr\u00e9liminaire qui ne cesse de m&rsquo;intriguer est de savoir pourquoi autant d&rsquo;\u00e9nergie est d\u00e9pens\u00e9e pour maintenir dans la comp\u00e9tition \u00e9lectorale un pr\u00e9sident qui a d\u00e9j\u00e0 d\u00e9clar\u00e9 sa non-candidature aux prochaines \u00e9lections. M\u00eame s\u2019il reste dans le jeu, avec un plan de succession qu\u2019il cherche \u00e0 mat\u00e9rialiser, il est manifestement hors comp\u00e9tition. Dans tous les syst\u00e8mes politiques, d\u00e8s que quelqu&rsquo;un sort de la comp\u00e9tition, il cesse de concentrer sur lui une attention qui se d\u00e9place alors vers ses potentiels successeurs. En Am\u00e9rique, un pr\u00e9sident dans la situation de Macky Sall est qualifi\u00e9 de \u00ab\u00a0Lame Duck\u00a0\u00bb, c&rsquo;est-\u00e0-dire un homme dont il faut chercher \u00e0 tirer le bilan, plut\u00f4t que quelqu&rsquo;un qui continue \u00e0 polariser l\u2019attention des concurrents. La situation que nous vivons actuellement a ceci de particulier que le pr\u00e9sident sortant est violemment pris \u00e0 partie, comme s&rsquo;il s\u2019agissait de quelqu\u2019un qui chercherait \u00e0 se repr\u00e9senter. Tout aussi surprenantes et grotesques, sont les accusations dont nous, cosignataires de la D1200, avons \u00e9t\u00e9 l&rsquo;objet, et port\u00e9es par ceux qui consid\u00e8rent que nous ne serions que des \u00ab\u00a0intellectuels alimentaires\u00a0\u00bb ou des \u00ab\u00a0gratte-papiers\u00a0\u00bb en qu\u00eate de sin\u00e9cure. Quelqu&rsquo;un \u00e0 la recherche d&rsquo;une sin\u00e9cure ne chercherait-il pas plut\u00f4t \u00e0 se ranger derri\u00e8re un candidat encore en course ?&nbsp;<\/p>\n\n\n\n<p>\u00c0 mon avis, toutes ces critiques \u00e0 l&rsquo;encontre du pr\u00e9sident et de la d\u00e9mocratie s\u00e9n\u00e9galaise n&rsquo;ont qu&rsquo;un seul objectif : exercer une pression maximale sur lui pour qu&rsquo;il lib\u00e8re le leader politique de leurs auteurs et lui permette de participer aux prochaines \u00e9lections. Je le r\u00e9p\u00e8te, en tant que Recteur d&rsquo;une institution qui a \u00e9t\u00e9 saccag\u00e9e et vandalis\u00e9e, comme l&rsquo;UCAD l&rsquo;a \u00e9t\u00e9, je ne saurais cautionner que de tels actes graves soient n\u00e9glig\u00e9s. Ce serait une injustice \u00e9norme envers toute la communaut\u00e9 universitaire et un pr\u00e9c\u00e9dent dangereux pour l&rsquo;avenir de la nation, compte tenu de ce que repr\u00e9sente l&rsquo;universit\u00e9 pour le S\u00e9n\u00e9gal et, au-del\u00e0, pour la sous-r\u00e9gion. Nul n\u2019ignore que l\u2019universit\u00e9 est au c\u0153ur de la soci\u00e9t\u00e9 et les images du saccage que personne n\u2019a os\u00e9 d\u00e9fendre ne peuvent laisser insensible une &nbsp;conscience humaine. Alors, sans faiblesse coupable, il faudra que l\u2019\u00c9tat prenne les mesures idoines pour rassurer les citoyens et mettre hors d&rsquo;\u00e9tat de nuire les auteurs de ces attaques d\u2019une rare barbarie, conform\u00e9ment \u00e0 la Constitution et aux conventions internationales ratifi\u00e9es par le S\u00e9n\u00e9gal.<\/p>\n\n\n\n<p><em><strong>Ahmadou Aly Mbaye<\/strong><\/em><br><em><strong>Professeur d\u2019Economie et de Politiques Publiques<\/strong><\/em><br><em><strong>Recteur de l\u2019Universit\u00e9 Cheikh Anta Diop de Dakar<\/strong><\/em><\/p>\n","protected":false},"excerpt":{"rendered":"<p>Depuis plus de deux ans maintenant, la vie publique s\u00e9n\u00e9galaise est caract\u00e9ris\u00e9e par une r\u00e9elle crispation et une v\u00e9ritable tension<\/p>\n","protected":false},"author":1,"featured_media":13864,"comment_status":"open","ping_status":"open","sticky":false,"template":"","format":"standard","meta":{"footnotes":""},"categories":[21],"tags":[],"class_list":["post-22699","post","type-post","status-publish","format-standard","has-post-thumbnail","hentry","category-societe"],"_links":{"self":[{"href":"https:\/\/dekkbi.com\/index.php?rest_route=\/wp\/v2\/posts\/22699","targetHints":{"allow":["GET"]}}],"collection":[{"href":"https:\/\/dekkbi.com\/index.php?rest_route=\/wp\/v2\/posts"}],"about":[{"href":"https:\/\/dekkbi.com\/index.php?rest_route=\/wp\/v2\/types\/post"}],"author":[{"embeddable":true,"href":"https:\/\/dekkbi.com\/index.php?rest_route=\/wp\/v2\/users\/1"}],"replies":[{"embeddable":true,"href":"https:\/\/dekkbi.com\/index.php?rest_route=%2Fwp%2Fv2%2Fcomments&post=22699"}],"version-history":[{"count":1,"href":"https:\/\/dekkbi.com\/index.php?rest_route=\/wp\/v2\/posts\/22699\/revisions"}],"predecessor-version":[{"id":22700,"href":"https:\/\/dekkbi.com\/index.php?rest_route=\/wp\/v2\/posts\/22699\/revisions\/22700"}],"wp:featuredmedia":[{"embeddable":true,"href":"https:\/\/dekkbi.com\/index.php?rest_route=\/wp\/v2\/media\/13864"}],"wp:attachment":[{"href":"https:\/\/dekkbi.com\/index.php?rest_route=%2Fwp%2Fv2%2Fmedia&parent=22699"}],"wp:term":[{"taxonomy":"category","embeddable":true,"href":"https:\/\/dekkbi.com\/index.php?rest_route=%2Fwp%2Fv2%2Fcategories&post=22699"},{"taxonomy":"post_tag","embeddable":true,"href":"https:\/\/dekkbi.com\/index.php?rest_route=%2Fwp%2Fv2%2Ftags&post=22699"}],"curies":[{"name":"wp","href":"https:\/\/api.w.org\/{rel}","templated":true}]}}