{"id":22675,"date":"2023-10-02T11:27:41","date_gmt":"2023-10-02T11:27:41","guid":{"rendered":"https:\/\/dekkbi.com\/?p=22675"},"modified":"2023-10-02T11:27:42","modified_gmt":"2023-10-02T11:27:42","slug":"la-population-armenienne-dans-la-crainte-dune-nouvelle-guerre-avec-lazerbaidjan","status":"publish","type":"post","link":"https:\/\/dekkbi.com\/?p=22675","title":{"rendered":"La population arm\u00e9nienne dans la crainte d\u2019une nouvelle guerre avec l\u2019Azerba\u00efdjan"},"content":{"rendered":"\n<p>L\u2019Arm\u00e9nie continue de faire face \u00e0 l\u2019afflux des r\u00e9fugi\u00e9s du Haut-Karabakh\u00a0: selon les derniers chiffres donn\u00e9s par Erevan, plus de 100\u00a0000 habitants ont fui d\u00e9sormais le territoire pour se r\u00e9fugier de l\u2019autre c\u00f4t\u00e9 de la fronti\u00e8re. \u00c0 cette crise humanitaire majeure vient s\u2019ajouter la crainte d\u2019un nouveau conflit avec l\u2019Azerba\u00efdjan. Car la population arm\u00e9nienne en est convaincue\u00a0: Bakou va lancer une nouvelle offensive militaire pour s\u2019emparer de territoires situ\u00e9s dans le Sud-Est du pays.\u00a0<\/p>\n\n\n\n<p><em>De notre envoy\u00e9 sp\u00e9cial \u00e0 Taegh<\/em>,<\/p>\n\n\n\n<p>Il faut cheminer sur une route poussi\u00e9reuse qui serpente entre de vieilles maisons de pierre. Puis, c\u2019est le sommet de la colline, et, juste en face, les positions militaires tenues par l\u2019Azerba\u00efdjan.<\/p>\n\n\n\n<p><em>\u00ab&nbsp;Vous voyez cet arbre l\u00e0-bas ? L\u00e0-bas sur la colline, juste en face&nbsp;? Et bien c\u2019est l\u00e0 qu\u2019est mon terrain,<\/em>&nbsp;se lamente Larissa Avagyan, une habitante du petit village frontalier de Taegh, dans le Sud-Est de l\u2019Arm\u00e9nie.&nbsp;<em>L<\/em>es<em>&nbsp;soldats sont arriv\u00e9s, ils ont creus\u00e9 des tranch\u00e9es, et ils se sont install\u00e9s\u2026 comme \u00e7a, en plein sur ma terre. C\u2019est tr\u00e8s douloureux pour moi de venir ici<\/em>&nbsp;<em>: ce terrain, \u00e7a fait 30 ans que je l\u2019ai<\/em>&nbsp;<em>! Je pouvais y amener mes vaches, faire pousser du bl\u00e9\u2026 Maintenant, je n\u2019ai plus rien. Alors, comment je vais faire&nbsp;pour m\u2019en sortir<\/em>&nbsp;<em>?<\/em>&nbsp;<em>\u00bb&nbsp;<\/em><\/p>\n\n\n\n<h2 class=\"wp-block-heading\"><strong>En premi\u00e8re ligne<\/strong><\/h2>\n\n\n\n<p>Avant la guerre de 2020, perdue par l\u2019Arm\u00e9nie, le village de Taegh \u00e9tait prot\u00e9g\u00e9 par le glacis de territoires contr\u00f4l\u00e9s jusqu\u2019alors par les Arm\u00e9niens, qui s\u2019en \u00e9taient empar\u00e9s dans les ann\u00e9es 1990. Soudainement, le village s\u2019est retrouv\u00e9 en premi\u00e8re ligne. Et, en avril dernier, des combats ont \u00e9clat\u00e9 entre soldats azerba\u00efdjanais et garde-fronti\u00e8re arm\u00e9niens.<\/p>\n\n\n\n<p>\u00ab&nbsp;<em>Les soldats russes d\u2019interposition se sont retir\u00e9s sans pr\u00e9venir le chef du village,&nbsp;<\/em>raconte Norvard Grigorian, assise sur une pierre bancale devant sa maison.&nbsp;<em>Et ensuite, les Azerba\u00efdjanais ont avanc\u00e9 et nos soldats les ont bloqu\u00e9s. \u00c7a a dur\u00e9 cinq ou six heures, il y avait des tirs dans tous les sens. Depuis ce jour, nous savons qu\u2019ils peuvent attaquer \u00e0 tout moment\u2026 d\u00e8s qu\u2019il y a un bruit, j\u2019imagine que ce sont eux. C\u2019est vraiment terrifiant.<\/em>&nbsp;\u00bb<\/p>\n\n\n\n<p>La terreur est un mot qui revient presque syst\u00e9matiquement lorsqu\u2019on discute avec les habitants des villages frontaliers. \u00ab\u00a0<em>Les soldats peuvent venir une nuit, entrer dans nos maisons, nous tuer, nous capturer<\/em>, affirme Larissa Avagyan.\u00a0<em>Dans le Haut-Karabakh, pendant la guerre, il y a eu beaucoup de crimes<\/em>\u00a0<em>: ils ont d\u00e9capit\u00e9 des soldats, ils ont viol\u00e9 des femmes. Croyez-moi, ils sont capables de toutes les atrocit\u00e9s. Non seulement, ils ne punissent pas les auteurs de ces crimes, mais ils sont d\u00e9cor\u00e9s \u00e0 leur retour.<\/em>\u00a0\u00bb<\/p>\n\n\n\n<h2 class=\"wp-block-heading\"><strong>Prochain objectif: la r\u00e9gion du Siunik<\/strong><\/h2>\n\n\n\n<p>Les habitants de Taegh en sont convaincus&nbsp;: Ilham Aliev le pr\u00e9sident de l&rsquo;Azerba\u00efdjan, ne se contentera pas du Haut-Karabakh. Son prochain objectif&nbsp;sera de s\u2019emparer d\u2019une partie du territoire arm\u00e9nien, cette r\u00e9gion du Siunik qui s\u00e9pare l\u2019Azerba\u00efdjan de son enclave du Nakitchevan.&nbsp;\u00ab&nbsp;<em>Aliev a toujours dit qu\u2019il voulait prendre notre r\u00e9gion, il a toujours dit \u00a0\u00bble Siunik est \u00e0 nous\u00a0\u00bb<\/em>\u200b, s\u2019inqui\u00e8te Zaruhi Babayan.&nbsp;<em>Il s\u2019est empar\u00e9 du Haut-Karabakh, et maintenant \u00e7a va \u00eatre notre tour<\/em>&nbsp;<em>! S\u2019il a pu d\u00e9placer 120<\/em>&nbsp;0<em>00 personnes\u2026 il peut bien recommencer avec nous<\/em>&nbsp;<em>!<\/em>&nbsp;\u00bb<\/p>\n\n\n\n<p>Face \u00e0 l\u2019Azerba\u00efdjan, il faudra se battre, nous disent les habitants de Taegh. Mais avec quels moyens&nbsp;? La guerre de 2020 l&rsquo;a d\u00e9montr\u00e9 cruellement&nbsp;: depuis les ann\u00e9es 1990, le rapport de force entre l&rsquo;Arm\u00e9nie et l&rsquo;Azerba\u00efdjan s&rsquo;est invers\u00e9. \u00ab&nbsp;<em>Nous avons de bons combattants en Arm\u00e9nie, de bons soldats,&nbsp;<\/em>souligne Norvard Grigorian avec gravit\u00e9.&nbsp;<em>Mais, en face, ils ont le soutien de la Turquie, ils ont des drones<\/em>&nbsp;<em>! Et nous, en Arm\u00e9nie, on manque d\u2019\u00e9quipement\u2026 on en manque terriblement.<\/em>&nbsp;\u00bb<\/p>\n\n\n\n<h2 class=\"wp-block-heading\"><strong>L\u2019odeur du sang<\/strong><\/h2>\n\n\n\n<p>Un rapport de force in\u00e9gal du point de vue de l\u2019armement, mais aussi des soutiens diplomatiques. \u00ab&nbsp;<em>L\u2019Azerba\u00efdjan a la Turquie<\/em>&nbsp;e<em>t nous n\u2019avons aucun alli\u00e9 digne de ce nom. Surtout pas la Russie qui nous a abandonn\u00e9<\/em>&nbsp;\u00bb, souffle Samvel Galstyan, un habitant du village venu contempler, sur les hauteurs, le long d\u00e9fil\u00e9 de voitures, de tracteurs brinquebalants et de bus hors d\u2019\u00e2ge venus de la fronti\u00e8re.<\/p>\n\n\n\n<p>\u00ab&nbsp;<em>Personne ne va vous aider, c\u2019est une certitude<\/em>&nbsp;<em>! Nikol Pachinian, notre Premier ministre, peut se d\u00e9tourner de la Russie pour s\u2019allier aux Occidentaux, \u00e7a ne changera rien<\/em>&nbsp;<em>! Les Am\u00e9ricains et les Europ\u00e9ens, ils sont parfaits pour faire des discours, mais derri\u00e8re, ils ne font rien. Alors que, face \u00e0 nous, il y a un loup qui a senti l\u2019odeur du sang. Le loup a plant\u00e9 ses crocs dans notre chair et maintenant, il va nous d\u00e9vorer<\/em>&nbsp;\u00bb, conclut-il.<\/p>\n","protected":false},"excerpt":{"rendered":"<p>L\u2019Arm\u00e9nie continue de faire face \u00e0 l\u2019afflux des r\u00e9fugi\u00e9s du Haut-Karabakh\u00a0: selon les derniers chiffres donn\u00e9s par Erevan, plus de<\/p>\n","protected":false},"author":1,"featured_media":22676,"comment_status":"open","ping_status":"open","sticky":false,"template":"","format":"standard","meta":{"footnotes":""},"categories":[51],"tags":[],"class_list":["post-22675","post","type-post","status-publish","format-standard","has-post-thumbnail","hentry","category-general"],"_links":{"self":[{"href":"https:\/\/dekkbi.com\/index.php?rest_route=\/wp\/v2\/posts\/22675","targetHints":{"allow":["GET"]}}],"collection":[{"href":"https:\/\/dekkbi.com\/index.php?rest_route=\/wp\/v2\/posts"}],"about":[{"href":"https:\/\/dekkbi.com\/index.php?rest_route=\/wp\/v2\/types\/post"}],"author":[{"embeddable":true,"href":"https:\/\/dekkbi.com\/index.php?rest_route=\/wp\/v2\/users\/1"}],"replies":[{"embeddable":true,"href":"https:\/\/dekkbi.com\/index.php?rest_route=%2Fwp%2Fv2%2Fcomments&post=22675"}],"version-history":[{"count":1,"href":"https:\/\/dekkbi.com\/index.php?rest_route=\/wp\/v2\/posts\/22675\/revisions"}],"predecessor-version":[{"id":22677,"href":"https:\/\/dekkbi.com\/index.php?rest_route=\/wp\/v2\/posts\/22675\/revisions\/22677"}],"wp:featuredmedia":[{"embeddable":true,"href":"https:\/\/dekkbi.com\/index.php?rest_route=\/wp\/v2\/media\/22676"}],"wp:attachment":[{"href":"https:\/\/dekkbi.com\/index.php?rest_route=%2Fwp%2Fv2%2Fmedia&parent=22675"}],"wp:term":[{"taxonomy":"category","embeddable":true,"href":"https:\/\/dekkbi.com\/index.php?rest_route=%2Fwp%2Fv2%2Fcategories&post=22675"},{"taxonomy":"post_tag","embeddable":true,"href":"https:\/\/dekkbi.com\/index.php?rest_route=%2Fwp%2Fv2%2Ftags&post=22675"}],"curies":[{"name":"wp","href":"https:\/\/api.w.org\/{rel}","templated":true}]}}