{"id":22659,"date":"2023-10-02T10:59:13","date_gmt":"2023-10-02T10:59:13","guid":{"rendered":"https:\/\/dekkbi.com\/?p=22659"},"modified":"2023-10-02T10:59:15","modified_gmt":"2023-10-02T10:59:15","slug":"traditions-demarrage-de-la-fete-du-roi-oussouye-au-rythme-du-humeubeul","status":"publish","type":"post","link":"https:\/\/dekkbi.com\/?p=22659","title":{"rendered":"Traditions \u2013 D\u00e9marrage de la f\u00eate du roi: Oussouye, au rythme du \u00abHumeubeul\u00bb"},"content":{"rendered":"\n<p><strong>Le \u00abHumeubeul\u00bb bat son plein depuis deux semaines dans la commune d\u2019Oussouye. Cet \u00e9v\u00e9nement culturel et cultuel est une f\u00eate et un rendez-vous pour les habitants de ce d\u00e9partement. Cette f\u00eate du roi a cependant un cachet scientifique qui traite de l\u2019environnement et des d\u00e9chets.<\/strong><\/p>\n\n\n\n<p><strong>Par Khady SONKO \u2013&nbsp;<\/strong>La commune d\u2019Oussouye vit au rythme du Humeubeul depuis deux semaines. Une f\u00eate de joie, de pardon, mais aussi d\u2019esp\u00e9rance. Le mot Humeubeul signifie en diola, f\u00eater dans la joie, dans le bonheur et dans la tol\u00e9rance. L\u2019\u00e9v\u00e9nement est compos\u00e9 de 15 jours de rituels et 3 jours de festivit\u00e9s. Soit 18 jours avec une phase spirituelle et une autre culturelle. Pendant la phase festive, explique Souleymane Di\u00e9dhiou, membre de la cour royale, il y a les danses Ekonkone, les s\u00e9ances de lutte traditionnelle des gar\u00e7ons et des filles. L\u2019\u00e9v\u00e9nement annuel se passe chaque ann\u00e9e \u00e0 la m\u00eame p\u00e9riode, \u00e0 la fin des cultures. Le membre de la cour royale explique : \u00abApr\u00e8s la culture, la communaut\u00e9 continue \u00e0 faire des pri\u00e8res afin que la pluie prolonge son cycle pour que les cultures c\u00e9r\u00e9ali\u00e8res aient suffisamment d\u2019eau pour m\u00fbrir&nbsp;convenablement.\u00bb Le Humeubeul, ou encore f\u00eate du roi d\u2019Oussouye, date du 15e si\u00e8cle. C\u2019est un rendez-vous chez les habitants et ressortissants du d\u00e9partement. \u00abCe sont des moments de bonheur, de partage, de tol\u00e9rance. Le Humeubeul a jou\u00e9 un grand r\u00f4le durant la crise en Casamance. Avec cette crise, beaucoup de gens avaient quitt\u00e9 leurs villages, mais avec la f\u00eate Humeubeul, les gens ont commenc\u00e9 \u00e0 revenir, mais surtout \u00e0 se tol\u00e9rer les uns les autres par rapport \u00e0 ce qui s\u2019\u00e9tait pass\u00e9. C\u2019est une f\u00eate qui rassemble, qui raffermit les c\u0153urs et qui permet le pardon\u00bb, informe M. Di\u00e9dhiou. Les fils du d\u00e9partement viennent de tous les horizons pour assister au Humeubeul.<\/p>\n\n\n\n<p><strong>Le cachet scientifique du Humeubeul\u00a0<\/strong><\/p>\n\n\n\n<p><br>Pour cette \u00e9dition 2023, l\u2019\u00e9v\u00e9nement a pour la premi\u00e8re fois un\u00a0cachet scientifique \u00e0 travers un workshop sur l\u2019environnement. Souleymane Di\u00e9dhiou explique : \u00abNous sommes de grands protecteurs de l\u2019environnement, parmi lesquels le roi au premier plan. Ce th\u00e8me, c\u2019est justement pour mieux prot\u00e9ger l\u2019environnement et le s\u00e9curiser.\u00bb\u00a0Eug\u00e8ne Ndiaye, Directeur g\u00e9n\u00e9ral de Voonoo\u00a0 Events, en charge de l\u2019organisation du Humeubeul, revient sur le volet scientifique donn\u00e9 \u00e0 l\u2019\u00e9v\u00e9nement. L\u2019id\u00e9e \u00e9tait de d\u00e9battre sur\u00a0 l\u2019environnement sous le\u00a0 th\u00e8me\u00a0: \u00abPr\u00e9venir, traiter, optimiser le d\u00e9chet : Prot\u00e9ger et valoriser notre environnement.\u00bb \u00abNous savons qu\u2019en Casamance, nous avons cette richesse naturelle, le bois sacr\u00e9. Dans le royaume d\u2019Oussouye, le Humeubeul, c\u2019est la sortie du bois sacr\u00e9. Il est important que dans le cadre du Humeubeul, on s\u2019appuie sur les experts, sur des connaissances sp\u00e9cifiques pour d\u00e9battre de la chose environnementale dans notre Casamance, afin que nous prenions conscience de l\u2019importance de prot\u00e9ger dans l\u2019avenir notre environnement\u00bb, souligne-t-il. A l\u2019issue du workshop, les initiateurs esp\u00e8rent produire un m\u00e9morandum pour la commune d\u2019Oussouye.<\/p>\n\n\n\n<p>Au programme du Humeubeul, une plantation symbolique d\u2019arbres par le roi, le maire et le sous-pr\u00e9fet, des ateliers avec des enfants sur l\u2019environnement. \u00abSi on veut que demain la question de l\u2019environnement soit naturelle, il faut que nous l\u2019adressions aux enfants\u00bb, estime Eug\u00e8ne Ndiaye. Il y a eu \u00e0 cet effet un atelier pour les enfants, avec un jeune \u00e9tudiant qui l\u2019a tenu&nbsp; de mani\u00e8re ludique. La suite&nbsp; du programme tourne autour de la sensibilisation sur l\u2019environnement, la notion des d\u00e9chets avec une troupe th\u00e9\u00e2trale d\u2019Oussouye, des sketchs, des expositions, des s\u00e9ances de danses diambadong et kumpo, des s\u00e9ances de lutte, le Bahiss\u00e8ne (sortie du bois sacr\u00e9), des concerts, entre autres. S\u2019y ajoute un atelier de percussions pour les enfants, pour leur apprendre la diff\u00e9rence entre les instruments bugarabou et djimb\u00e9, et leur apprendre \u00e0 battre ces instruments<br><strong>ksonko@lequotidien.sn<\/strong><\/p>\n","protected":false},"excerpt":{"rendered":"<p>Le \u00abHumeubeul\u00bb bat son plein depuis deux semaines dans la commune d\u2019Oussouye. Cet \u00e9v\u00e9nement culturel et cultuel est une f\u00eate<\/p>\n","protected":false},"author":1,"featured_media":22660,"comment_status":"open","ping_status":"open","sticky":false,"template":"","format":"standard","meta":{"footnotes":""},"categories":[26],"tags":[],"class_list":["post-22659","post","type-post","status-publish","format-standard","has-post-thumbnail","hentry","category-fait-divers"],"_links":{"self":[{"href":"https:\/\/dekkbi.com\/index.php?rest_route=\/wp\/v2\/posts\/22659","targetHints":{"allow":["GET"]}}],"collection":[{"href":"https:\/\/dekkbi.com\/index.php?rest_route=\/wp\/v2\/posts"}],"about":[{"href":"https:\/\/dekkbi.com\/index.php?rest_route=\/wp\/v2\/types\/post"}],"author":[{"embeddable":true,"href":"https:\/\/dekkbi.com\/index.php?rest_route=\/wp\/v2\/users\/1"}],"replies":[{"embeddable":true,"href":"https:\/\/dekkbi.com\/index.php?rest_route=%2Fwp%2Fv2%2Fcomments&post=22659"}],"version-history":[{"count":1,"href":"https:\/\/dekkbi.com\/index.php?rest_route=\/wp\/v2\/posts\/22659\/revisions"}],"predecessor-version":[{"id":22661,"href":"https:\/\/dekkbi.com\/index.php?rest_route=\/wp\/v2\/posts\/22659\/revisions\/22661"}],"wp:featuredmedia":[{"embeddable":true,"href":"https:\/\/dekkbi.com\/index.php?rest_route=\/wp\/v2\/media\/22660"}],"wp:attachment":[{"href":"https:\/\/dekkbi.com\/index.php?rest_route=%2Fwp%2Fv2%2Fmedia&parent=22659"}],"wp:term":[{"taxonomy":"category","embeddable":true,"href":"https:\/\/dekkbi.com\/index.php?rest_route=%2Fwp%2Fv2%2Fcategories&post=22659"},{"taxonomy":"post_tag","embeddable":true,"href":"https:\/\/dekkbi.com\/index.php?rest_route=%2Fwp%2Fv2%2Ftags&post=22659"}],"curies":[{"name":"wp","href":"https:\/\/api.w.org\/{rel}","templated":true}]}}