{"id":22612,"date":"2023-10-01T10:29:37","date_gmt":"2023-10-01T10:29:37","guid":{"rendered":"https:\/\/dekkbi.com\/?p=22612"},"modified":"2023-10-01T10:29:38","modified_gmt":"2023-10-01T10:29:38","slug":"turquie-un-attentat-suicide-frappe-la-capitale-ankara-sans-faire-de-victime","status":"publish","type":"post","link":"https:\/\/dekkbi.com\/?p=22612","title":{"rendered":"Turquie : un \u00ab\u00a0attentat suicide\u00a0\u00bb frappe la capitale Ankara sans faire de victime"},"content":{"rendered":"\n<p>Un \u00ab\u00a0attentat suicide\u00a0\u00bb a frapp\u00e9, dimanche, le centre d&rsquo;Ankara lorsqu&rsquo;une bombe a explos\u00e9 \u00e0 l&rsquo;entr\u00e9e de la Direction g\u00e9n\u00e9rale du minist\u00e8re turc de l&rsquo;Int\u00e9rieur. Deux policiers ont \u00e9t\u00e9 l\u00e9g\u00e8rement bless\u00e9s dans l&rsquo;attaque perp\u00e9tr\u00e9e par \u00ab\u00a0deux terroristes\u00a0\u00bb, dont l&rsquo;un \u00ab\u00a0s&rsquo;est fait exploser\u00a0\u00bb et l&rsquo;autre a \u00e9t\u00e9 \u00ab\u00a0neutralis\u00e9\u00a0\u00bb a pr\u00e9cis\u00e9 le minist\u00e8re de l&rsquo;Int\u00e9rieur.<\/p>\n\n\n\n<p>Un \u00ab\u00a0attentat suicide\u00a0\u00bb a frapp\u00e9, dimanche 1er octobre, le c\u0153ur de la capitale turque, Ankara, \u00e0 quelques heures de l&rsquo;ouverture de la nouvelle session parlementaire qui doit valider l&rsquo;entr\u00e9e de la Su\u00e8de dans l&rsquo;Otan.Le chef de l&rsquo;\u00c9tat, Recep Tayyip Erdogan, devait prendre la parole lors de cette session, selon les m\u00e9dias turcs.Le minist\u00e8re de l&rsquo;Int\u00e9rieur a indiqu\u00e9 que deux policiers ont \u00e9t\u00e9 l\u00e9g\u00e8rement bless\u00e9s dans l&rsquo;attaque perp\u00e9tr\u00e9e par \u00ab\u00a0deux terroristes\u00a0\u00bb, dont l&rsquo;un \u00ab\u00a0s&rsquo;est fait exploser\u00a0\u00bb et l&rsquo;autre a \u00e9t\u00e9 \u00ab\u00a0neutralis\u00e9\u00a0\u00bb.<\/p>\n\n\n\n<p>FRANCE 24<\/p>\n","protected":false},"excerpt":{"rendered":"<p>Un \u00ab\u00a0attentat suicide\u00a0\u00bb a frapp\u00e9, dimanche, le centre d&rsquo;Ankara lorsqu&rsquo;une bombe a explos\u00e9 \u00e0 l&rsquo;entr\u00e9e de la Direction g\u00e9n\u00e9rale du<\/p>\n","protected":false},"author":1,"featured_media":22613,"comment_status":"open","ping_status":"open","sticky":false,"template":"","format":"standard","meta":{"footnotes":""},"categories":[26],"tags":[],"class_list":["post-22612","post","type-post","status-publish","format-standard","has-post-thumbnail","hentry","category-fait-divers"],"_links":{"self":[{"href":"https:\/\/dekkbi.com\/index.php?rest_route=\/wp\/v2\/posts\/22612","targetHints":{"allow":["GET"]}}],"collection":[{"href":"https:\/\/dekkbi.com\/index.php?rest_route=\/wp\/v2\/posts"}],"about":[{"href":"https:\/\/dekkbi.com\/index.php?rest_route=\/wp\/v2\/types\/post"}],"author":[{"embeddable":true,"href":"https:\/\/dekkbi.com\/index.php?rest_route=\/wp\/v2\/users\/1"}],"replies":[{"embeddable":true,"href":"https:\/\/dekkbi.com\/index.php?rest_route=%2Fwp%2Fv2%2Fcomments&post=22612"}],"version-history":[{"count":1,"href":"https:\/\/dekkbi.com\/index.php?rest_route=\/wp\/v2\/posts\/22612\/revisions"}],"predecessor-version":[{"id":22614,"href":"https:\/\/dekkbi.com\/index.php?rest_route=\/wp\/v2\/posts\/22612\/revisions\/22614"}],"wp:featuredmedia":[{"embeddable":true,"href":"https:\/\/dekkbi.com\/index.php?rest_route=\/wp\/v2\/media\/22613"}],"wp:attachment":[{"href":"https:\/\/dekkbi.com\/index.php?rest_route=%2Fwp%2Fv2%2Fmedia&parent=22612"}],"wp:term":[{"taxonomy":"category","embeddable":true,"href":"https:\/\/dekkbi.com\/index.php?rest_route=%2Fwp%2Fv2%2Fcategories&post=22612"},{"taxonomy":"post_tag","embeddable":true,"href":"https:\/\/dekkbi.com\/index.php?rest_route=%2Fwp%2Fv2%2Ftags&post=22612"}],"curies":[{"name":"wp","href":"https:\/\/api.w.org\/{rel}","templated":true}]}}