{"id":22588,"date":"2023-09-30T10:17:41","date_gmt":"2023-09-30T10:17:41","guid":{"rendered":"https:\/\/dekkbi.com\/?p=22588"},"modified":"2023-09-30T10:17:42","modified_gmt":"2023-09-30T10:17:42","slug":"expo-horticole-doha-2023-les-activites-marquant-la-participation-du-senegal-officiellement-lancees","status":"publish","type":"post","link":"https:\/\/dekkbi.com\/?p=22588","title":{"rendered":"Expo horticole Doha 2023: Les activit\u00e9s marquant la participation du S\u00e9n\u00e9gal officiellement lanc\u00e9es"},"content":{"rendered":"\n<p>\u00ab D\u00e9sert vert, meilleur environnement \u00bb. Tel est le th\u00e8me de l\u2019exposition Doha 2023 en perspective de laquelle le S\u00e9n\u00e9gal a officiellement d\u00e9marr\u00e9 ses activit\u00e9s, ce vendredi, \u00e0 Dakar, sous la pr\u00e9sidence de la Directrice g\u00e9n\u00e9rale de l\u2019Agence s\u00e9n\u00e9galaise de promotion des exportations (Asepex), Zahra Iyane Thiam, par ailleurs, commissaire g\u00e9n\u00e9ral de la section S\u00e9n\u00e9gal. <\/p>\n\n\n\n<p>Le S\u00e9n\u00e9gal est d\u00e9j\u00e0 de plain-pied dans les pr\u00e9paratifs de l\u2019exposition internationale de l\u2019horticulture qui se tiendra du 02 octobre 2023 au 28 mars 2024 \u00e0 Doha, au Qatar. La Directrice g\u00e9n\u00e9rale de l\u2019Agence s\u00e9n\u00e9galaise de promotion des exportations (Asepex), Zahra Iyane Thiam, par ailleurs, commissaire g\u00e9n\u00e9ral de section S\u00e9n\u00e9gal, a annonc\u00e9 vendredi le d\u00e9marrage officiel des activit\u00e9s pour la participation de notre pays \u00e0 cet \u00e9v\u00e9nement.Lors d\u2019une rencontre d\u2019\u00e9changes et de partage d\u2019informations avec les repr\u00e9sentants de toutes les parties prenantes de l\u2019organisation, elle a,  d\u2019embl\u00e9e, rappel\u00e9 que le th\u00e8me g\u00e9n\u00e9ral choisis \u00e0 savoir \u00ab D\u00e9sert vert, meilleur environnement \u00bb a pour objectif \u00ab d\u2019encourager, d\u2019inspirer et d\u2019informer le public, les gouvernements et les organisations sur des solutions innovantes pour la r\u00e9duction de la d\u00e9sertification dans le cadre d\u2019une coop\u00e9ration internationale fructueuse \u00bb.Selon l\u2019ancien ministre de la Microfinance, le th\u00e8me principal est d\u00e9clin\u00e9 en quatre sous-th\u00e8mes que sont : Agriculture moderne, technologie et innovation, sensibilisation \u00e0 l\u2019environnement et durabilit\u00e9. Mais pour notre pays, les activit\u00e9s seront men\u00e9es autour du th\u00e8me \u00ab S\u00e9n\u00e9gal going green \u00bb ou Pse vert.Consciente de la \u00ab lourde t\u00e2che \u00bb qui les attend, la Dg de l\u2019Asepex a encourag\u00e9 ses \u00e9quipes, non sans remercier les partenaires du Comit\u00e9 d\u2019organisation, particuli\u00e8rement ceux de l\u2019Union des chambres des m\u00e9tiers de Dakar avec qui une convention de partenariat a \u00e9t\u00e9 sign\u00e9e, s\u00e9ance tenante.Pour sa part, Babacar Ba, repr\u00e9sentant du minist\u00e8re des Affaires \u00e9trang\u00e8res et des S\u00e9n\u00e9galais de l\u2019ext\u00e9rieur, a exprim\u00e9 sa \u00ab grande fiert\u00e9 \u00bb et un \u00ab optimisme renouvel\u00e9 \u00bb pour f\u00e9liciter l\u2019\u00e9quipe s\u00e9n\u00e9galaise qui prendra part \u00e0 cette exposition internationale.\u00ab Le choix du th\u00e8me rev\u00eat une signification particuli\u00e8re au vu des enjeux mondiaux de protection de l\u2019environnement \u00bb, a-t-il notamment dit, indiquant, par ailleurs, que c\u2019est un d\u00e9fi que le S\u00e9n\u00e9gal est pr\u00eat \u00e0 relever avec d\u00e9termination.A en croire toujours M. Ba, le minist\u00e8re dirig\u00e9 par Me Aissata Tall Sall s\u2019est engag\u00e9 \u00e0 soutenir \u00ab pleinement \u00bb l\u2019\u00e9quipe s\u00e9n\u00e9galaise tout au long de cet av\u00e8nement pour assurer le succ\u00e8s de notre pays \u00e0 Doha.120 mille tonnes export\u00e9es pour un chiffre d\u2019affaires de 77 milliards CfaDr. Macoumba Diouf, Directeur g\u00e9n\u00e9ral de l\u2019Horticulture, repr\u00e9sentant du minist\u00e8re de l\u2019Agriculture, de l\u2019Equipement rural et de la Souverainet\u00e9 alimentaire, a, de son c\u00f4t\u00e9,  tenu \u00e0 f\u00e9liciter le Pr\u00e9sident de la R\u00e9publique, Macky Sall, pour sa vision \u00ab particuli\u00e8rement avant-gardiste \u00bb de la protection de l\u2019environnement.Pour lui, le S\u00e9n\u00e9gal a, aujourd\u2019hui, l\u2019une des offres les plus importantes au monde avec ses fruits et l\u00e9gumes de bonne qualit\u00e9. \u00ab Nos produits sont parmi les plus florissants en Afrique et notre secteur horticole est l\u2019un des plus dynamiques sur le continent africain surtout en termes d\u2019exportation \u00bb, a-t-il fait savoir, r\u00e9v\u00e9lant, dans la foul\u00e9e, que \u00ab de 56.000 tonnes export\u00e9es en 2012, on est pass\u00e9  <\/p>\n\n\n\n<p>\u00e0 120 tonnes, cette ann\u00e9e. Ce qui nous rapporte un chiffre d\u2019affaires qui tourne autour d\u2019environ 77 milliards F Cfa par an&nbsp;\u00bb.<\/p>\n\n\n\n<p>Pour Dr. Diouf, tous ces \u00ab&nbsp;atouts&nbsp;\u00bb seront pr\u00e9sent\u00e9s au monde entier lors de ce grand rendez-vous.<\/p>\n\n\n\n<p>Le Directeur g\u00e9n\u00e9ral de l\u2019Horticulture a, enfin, lanc\u00e9 un appel aux acteurs du secteur priv\u00e9 national leur demandant de tout faire pour capter les nombreuses opportunit\u00e9s qui s\u2019offriront au S\u00e9n\u00e9gal, \u00e0 Doha.<\/p>\n\n\n\n<p><strong>S.GUEYE<\/strong> Lesoleil <\/p>\n","protected":false},"excerpt":{"rendered":"<p>\u00ab D\u00e9sert vert, meilleur environnement \u00bb. Tel est le th\u00e8me de l\u2019exposition Doha 2023 en perspective de laquelle le S\u00e9n\u00e9gal<\/p>\n","protected":false},"author":1,"featured_media":22589,"comment_status":"open","ping_status":"open","sticky":false,"template":"","format":"standard","meta":{"footnotes":""},"categories":[3],"tags":[],"class_list":["post-22588","post","type-post","status-publish","format-standard","has-post-thumbnail","hentry","category-event-more-news"],"_links":{"self":[{"href":"https:\/\/dekkbi.com\/index.php?rest_route=\/wp\/v2\/posts\/22588","targetHints":{"allow":["GET"]}}],"collection":[{"href":"https:\/\/dekkbi.com\/index.php?rest_route=\/wp\/v2\/posts"}],"about":[{"href":"https:\/\/dekkbi.com\/index.php?rest_route=\/wp\/v2\/types\/post"}],"author":[{"embeddable":true,"href":"https:\/\/dekkbi.com\/index.php?rest_route=\/wp\/v2\/users\/1"}],"replies":[{"embeddable":true,"href":"https:\/\/dekkbi.com\/index.php?rest_route=%2Fwp%2Fv2%2Fcomments&post=22588"}],"version-history":[{"count":1,"href":"https:\/\/dekkbi.com\/index.php?rest_route=\/wp\/v2\/posts\/22588\/revisions"}],"predecessor-version":[{"id":22590,"href":"https:\/\/dekkbi.com\/index.php?rest_route=\/wp\/v2\/posts\/22588\/revisions\/22590"}],"wp:featuredmedia":[{"embeddable":true,"href":"https:\/\/dekkbi.com\/index.php?rest_route=\/wp\/v2\/media\/22589"}],"wp:attachment":[{"href":"https:\/\/dekkbi.com\/index.php?rest_route=%2Fwp%2Fv2%2Fmedia&parent=22588"}],"wp:term":[{"taxonomy":"category","embeddable":true,"href":"https:\/\/dekkbi.com\/index.php?rest_route=%2Fwp%2Fv2%2Fcategories&post=22588"},{"taxonomy":"post_tag","embeddable":true,"href":"https:\/\/dekkbi.com\/index.php?rest_route=%2Fwp%2Fv2%2Ftags&post=22588"}],"curies":[{"name":"wp","href":"https:\/\/api.w.org\/{rel}","templated":true}]}}