{"id":2255,"date":"2022-10-25T15:54:20","date_gmt":"2022-10-25T15:54:20","guid":{"rendered":"https:\/\/dekkbi.com\/?p=2255"},"modified":"2022-10-25T15:56:02","modified_gmt":"2022-10-25T15:56:02","slug":"amnistie-pourquoi-karim-wade-se-braque","status":"publish","type":"post","link":"https:\/\/dekkbi.com\/?p=2255","title":{"rendered":"AMNISTIE &#8211; Pourquoi Karim Wade se braque"},"content":{"rendered":"\n<p><\/p>\n\n\n\n<p><em><strong>Depuis qu\u2019une loi d\u2019amnistie a \u00e9t\u00e9 annonc\u00e9e en faveur de Karim Wade, le paysage politique ne bruit que pour le fils de l\u2019ancien Pr\u00e9sident Me Abdoulaye Wade. Entre la demande de r\u00e9vision du proc\u00e8s exig\u00e9e par Karim Wade et la loi d\u2019amnistie pr\u00f4n\u00e9e par le r\u00e9gime, il y a de quoi s\u2019y perdre. Mais un rappel de certains faits depuis la fameuse rencontre avec l\u2019ancien Pr\u00e9sident guin\u00e9en Alpha Cond\u00e9, suivie d\u2019une r\u00e9conciliation fort m\u00e9diatis\u00e9e, permet de remettre certaines pendules \u00e0 l\u2019heure, alors que Khalifa Sall reste aphone. Ou presque\u2026<\/strong><\/em><\/p>\n\n\n\n<p>\u2018\u2019Le Parti d\u00e9mocratique s\u00e9n\u00e9galais n\u2019est pas demandeur d\u2019une amnistie. Ce que le Pds demande, c\u2019est le r\u00e9examen du dossier de Karim Wade conform\u00e9ment \u00e0 la demande de la Commission des Droits de l\u2019Homme des Nations-Unies (\u2026) Et c\u2019est possible. Il suffit d\u2019une lettre du Garde des Sceaux, ministre de la Justice pour le faire\u2019\u2019. Tenus par Doudou Wade, ces propos qui datent du 20 d\u00e9cembre 2021 ont \u00e9t\u00e9 r\u00e9it\u00e9r\u00e9s, lors de son passage \u00e0 l\u2019\u00e9mission du Jury du Dimanche, par le responsable lib\u00e9ral par ailleurs cousin de Karim Wade. Doudou Wade annonce dans la m\u00eame veine le retour imminent de son neveu \u00e0 Dakar, apr\u00e8s un exil de 6 ans au Qatar. Bonjour donc la grosse campagne m\u00e9diatique&nbsp;!<\/p>\n\n\n\n<p>Le ministre de la Justice, Isma\u00ebla Madior Fall, comprenant sans doute que la bataille d\u2019opinion qui se m\u00e8ne est importante, s\u2019est d\u00e9j\u00e0 prononc\u00e9 sur la question, en soutenant par le m\u00eame canal \u00e0 Iradio, \u00e0 propos d\u2019une r\u00e9vision du proc\u00e8s de Karim Wade, qu\u2019\u2019\u2019il faut que certaines conditions soient r\u00e9unies. Il faut des \u00e9l\u00e9ments nouveaux qui montrent qu\u2019il y a eu des erreurs dans le premier proc\u00e8s. De plus, c\u2019est \u00e0 l\u2019initiative du Garde des sceaux, de la partie int\u00e9ress\u00e9e ou des ayants droit. Objectivement, je n\u2019ai pas \u00e0 ma disposition des \u00e9l\u00e9ments qui permettent d\u2019envisager une r\u00e9vision. Concernant Karim Wade, le d\u00e9lit d\u2019enrichissement illicite a \u00e9t\u00e9 confirm\u00e9 par toutes les juridictions. C\u2019est des d\u00e9cisions rev\u00eatues de l\u2019autorit\u00e9 de la chose jug\u00e9e qu\u2019aucun organisme fut-il international ne pourrait enlever\u2019\u2019.<\/p>\n\n\n\n<p><strong>Retour au Protocole de Conakry et de Massalikoul Jinaan<\/strong><\/p>\n\n\n\n<p>Qu\u2019est ce qui a bien pu changer pour que Karim Wade fasse de la r\u00e9vision de son proc\u00e8s une conditionnalit\u00e9 presque \u2018\u2019non n\u00e9gociable\u2019\u2019&nbsp;? En f\u00e9vrier 2019, lors de sa visite \u00e0 Conakry o\u00f9 le sujet principal entretenu avec l\u2019ancien Pr\u00e9sident Alpha Cond\u00e9, a \u00e9t\u00e9 le dossier Karim Wade, la promesse faite par le Pr\u00e9sident Macky Sall,&nbsp; concernait l\u2019amnistie. L\u2019ancien homme fort de Conakry ne se g\u00eanait pas d\u2019exprimer sa col\u00e8re, chaque fois qu\u2019il rencontrait une personnalit\u00e9 s\u00e9n\u00e9galaise \u00e0 propos de ce non respect du \u2018\u2019protocole de Conakry\u2019\u2019.<\/p>\n\n\n\n<p>Un protocole qui avait calm\u00e9 Me Wade suivi de la fameuse rencontre \u00e0 la mosqu\u00e9e de Massalikoul Jinaan o\u00f9 la r\u00e9conciliation entre Wade et Macky avait \u00e9t\u00e9 c\u00e9l\u00e9br\u00e9e avec une forte armada m\u00e9diatique. Le Pr\u00e9sident Wade de ranger la hache de guerre avec une facilit\u00e9 d\u00e9concertante, \u00e9vitant tout propos qui mettrait en p\u00e9ril les accords sur le cas Karim. Lui qui avait pourtant promis sang et larmes, lors de l\u2019\u00e9lection pr\u00e9sidentielle de 2019, et demand\u00e9 \u00e0 ses militants de br\u00fbler les bulletins de vote.<\/p>\n\n\n\n<p>Ensuite le Pr\u00e9sident Macky Sall est lui-m\u00eame rest\u00e9 aphone sur la question au point d\u2019ailleurs de faire douter ceux qui ont \u00e9t\u00e9 les t\u00e9moins secrets de l\u2019accord. Le Pr\u00e9sident Alpha Cond\u00e9 ne se g\u00eanait pas d\u2019exprimer sa d\u00e9ception, \u00e0 l\u2019\u00e9poque, en assimilant l\u2019inaction de Macky Sall \u00e0 de la \u2018\u2019trahison\u2019\u2019. La d\u00e9cision \u2018\u2019d\u2019examiner dans les meilleurs d\u00e9lais les possibilit\u00e9s et le sch\u00e9ma ad\u00e9quat d\u2019amnistie pour des personnes ayant perdu leurs droits de vote\u2019\u2019, adopt\u00e9e lors de la r\u00e9union du conseil des ministres du 19 septembre du 29 septembre dernier aurait sans doute \u00e9t\u00e9 mieux accueillie par le camp de Karim Wade si elle \u00e9tait intervenue deux ans plus t\u00f4t.<\/p>\n\n\n\n<p>Le contexte ayant chang\u00e9, entre temps, avec la mont\u00e9e en puissance de jeunes loups \u00e0 l\u2019image d\u2019Ousmane Sonko, Karim Wade joue sa cr\u00e9dibilit\u00e9, pour ne pas aller en comp\u00e9tition politique avec un boulet aussi lourd que son dossier d\u00e9j\u00e0 jug\u00e9.<\/p>\n\n\n\n<p>La Cour de r\u00e9pression de l&rsquo;enrichissement illicite (CREI) avait condamn\u00e9, en mars 2015, Karim Wade, \u00e0 une peine de six ans d&#8217;emprisonnement et \u00e0 une amende de 138 milliards de francs CFA (209 millions d&rsquo;euros).<\/p>\n\n\n\n<p>Il \u00e9tait accus\u00e9 d&rsquo;avoir ill\u00e9galement fait une fortune par le biais de montages financiers complexes. Son patrimoine comprend, selon le Parquet sp\u00e9cial, des soci\u00e9t\u00e9s au S\u00e9n\u00e9gal et \u00e0 l&rsquo;\u00e9tranger, des comptes bancaires, des propri\u00e9t\u00e9s immobili\u00e8res et des voitures. ENQUETEPLUS<\/p>\n","protected":false},"excerpt":{"rendered":"<p>Depuis qu\u2019une loi d\u2019amnistie a \u00e9t\u00e9 annonc\u00e9e en faveur de Karim Wade, le paysage politique ne bruit que pour le<\/p>\n","protected":false},"author":1,"featured_media":0,"comment_status":"open","ping_status":"open","sticky":false,"template":"","format":"standard","meta":{"footnotes":""},"categories":[6],"tags":[],"class_list":["post-2255","post","type-post","status-publish","format-standard","hentry","category-politics"],"_links":{"self":[{"href":"https:\/\/dekkbi.com\/index.php?rest_route=\/wp\/v2\/posts\/2255","targetHints":{"allow":["GET"]}}],"collection":[{"href":"https:\/\/dekkbi.com\/index.php?rest_route=\/wp\/v2\/posts"}],"about":[{"href":"https:\/\/dekkbi.com\/index.php?rest_route=\/wp\/v2\/types\/post"}],"author":[{"embeddable":true,"href":"https:\/\/dekkbi.com\/index.php?rest_route=\/wp\/v2\/users\/1"}],"replies":[{"embeddable":true,"href":"https:\/\/dekkbi.com\/index.php?rest_route=%2Fwp%2Fv2%2Fcomments&post=2255"}],"version-history":[{"count":2,"href":"https:\/\/dekkbi.com\/index.php?rest_route=\/wp\/v2\/posts\/2255\/revisions"}],"predecessor-version":[{"id":2261,"href":"https:\/\/dekkbi.com\/index.php?rest_route=\/wp\/v2\/posts\/2255\/revisions\/2261"}],"wp:attachment":[{"href":"https:\/\/dekkbi.com\/index.php?rest_route=%2Fwp%2Fv2%2Fmedia&parent=2255"}],"wp:term":[{"taxonomy":"category","embeddable":true,"href":"https:\/\/dekkbi.com\/index.php?rest_route=%2Fwp%2Fv2%2Fcategories&post=2255"},{"taxonomy":"post_tag","embeddable":true,"href":"https:\/\/dekkbi.com\/index.php?rest_route=%2Fwp%2Fv2%2Ftags&post=2255"}],"curies":[{"name":"wp","href":"https:\/\/api.w.org\/{rel}","templated":true}]}}