{"id":22524,"date":"2023-09-29T12:20:13","date_gmt":"2023-09-29T12:20:13","guid":{"rendered":"https:\/\/dekkbi.com\/?p=22524"},"modified":"2023-09-29T12:20:14","modified_gmt":"2023-09-29T12:20:14","slug":"plus-de-2500-migrants-morts-ou-portes-disparus-en-mediterranee-en-2023","status":"publish","type":"post","link":"https:\/\/dekkbi.com\/?p=22524","title":{"rendered":"Plus de 2500 migrants morts ou port\u00e9s disparus en M\u00e9diterran\u00e9e en 2023"},"content":{"rendered":"\n<p>Selon le Haut commissariat aux r\u00e9fugi\u00e9s de l&rsquo;ONU, selon des chiffres arr\u00eat\u00e9s au 24\u00a0septembre, plus de 2\u00a0500 migrants sont morts ou port\u00e9s disparus apr\u00e8s avoir tent\u00e9 de traverser la M\u00e9diterran\u00e9e vers l&rsquo;Europe depuis le d\u00e9but de l&rsquo;ann\u00e9e. Sur la m\u00eame p\u00e9riode, 186 000 migrants sont arriv\u00e9s dans le sud de l&rsquo;Europe, \u00ab\u00a0soit une augmentation de 83\u00a0% par rapport \u00e0 la m\u00eame p\u00e9riode de 2022\u00a0\u00bb.<\/p>\n\n\n\n<p>Par: FRANCE 24<\/p>\n\n\n\n<p>Plus de 2 500 migrants sont morts ou port\u00e9s disparus apr\u00e8s avoir tent\u00e9 de traverser\u00a0la M\u00e9diterran\u00e9e\u00a0vers l&rsquo;Europe\u00a0depuis le d\u00e9but de l&rsquo;ann\u00e9e, a d\u00e9clar\u00e9, jeudi 28 septembre, une responsable du Haut commissariat aux r\u00e9fugi\u00e9s de l&rsquo;ONU.<\/p>\n\n\n\n<p>\u00ab\u00a0Au 24 septembre, plus de 2\u00a0500 personnes ont \u00e9t\u00e9 comptabilis\u00e9es comme mortes ou disparues\u00a0\u00bb depuis le d\u00e9but de l&rsquo;ann\u00e9e, soit une augmentation de pr\u00e8s de 50\u00a0% compar\u00e9 \u00ab\u00a0aux 1\u00a0680 personnes lors de la m\u00eame p\u00e9riode\u00a0\u00bb de 2022, a indiqu\u00e9 Ruven Menikdiwela, directrice du bureau du\u00a0HCR\u00a0\u00e0 New York, lors d&rsquo;une r\u00e9union du Conseil de s\u00e9curit\u00e9 consacr\u00e9e \u00e0 la crise des migrants en M\u00e9diterran\u00e9e.<\/p>\n\n\n\n<p>\u00ab\u00a0Des vies sont \u00e9galement perdues sur terre, loin de l&rsquo;attention du public\u00a0\u00bb, a-t-elle insist\u00e9.<\/p>\n\n\n\n<p>\u00ab\u00a0Le voyage depuis l&rsquo;Afrique\u00a0de l&rsquo;Ouest ou l&rsquo;est de l&rsquo;Afrique et la Corne de l&rsquo;Afrique vers la Libye et des points de d\u00e9part sur la c\u00f4te reste l&rsquo;un des plus dangereux au monde\u00a0\u00bb, a-t-elle indiqu\u00e9. \u00ab\u00a0Les r\u00e9fugi\u00e9s et les migrants voyageant sur les routes terrestres depuis l&rsquo;Afrique subsaharienne risquent la mort et des violations graves des droits humains \u00e0 chaque \u00e9tape\u00a0\u00bb.<\/p>\n\n\n\n<p>Selon ses chiffres, entre le 1er janvier et le 24 septembre 2023, au total 186\u00a0000 migrants sont arriv\u00e9s dans le sud de l&rsquo;Europe (Italie, Gr\u00e8ce, Chypre et Malte), dont 130\u00a0000 en\u00a0Italie, \u00ab\u00a0soit une augmentation de 83\u00a0% par rapport \u00e0 la m\u00eame p\u00e9riode de 2022\u00a0\u00bb.<\/p>\n\n\n\n<h2 class=\"wp-block-heading\">M\u00e9canisme r\u00e9gional<\/h2>\n\n\n\n<p>Quant aux pays de d\u00e9part, entre janvier et ao\u00fbt 2023, plus de 102\u00a0000 migrants ont tent\u00e9 de traverser la M\u00e9diterran\u00e9e depuis la\u00a0Tunisie, et 45\u00a0000 depuis la\u00a0Libye. Sur ce nombre, 31\u00a0000 ont \u00e9t\u00e9 secourus en mer ou intercept\u00e9s et d\u00e9barqu\u00e9s en Tunisie, et 10\u00a0600 en Libye, a-t-elle ajout\u00e9.<\/p>\n\n\n\n<p>\u00c9voquant les r\u00e9centes arriv\u00e9es massives sur l&rsquo;\u00eele italienne de\u00a0Lampedusa, elle a d&rsquo;autre part soulign\u00e9 que l&rsquo;Italie \u00ab\u00a0ne pouvait pas r\u00e9pondre seule aux besoins\u00a0\u00bb de ces migrants.<\/p>\n\n\n\n<p>Avant de r\u00e9p\u00e9ter l&rsquo;appel du HCR \u00e0 \u00ab\u00a0la mise en place d&rsquo;un m\u00e9canisme r\u00e9gional de d\u00e9barquement et de redistribution\u00a0\u00bb des personnes arriv\u00e9es par la mer. Une question controvers\u00e9e parmi les \u00c9tats membres de l&rsquo;Union europ\u00e9enne.<\/p>\n\n\n\n<p>L&rsquo;ambassadeur russe \u00e0 l&rsquo;ONU Vassili Nebenzia, qui avait demand\u00e9 cette r\u00e9union du Conseil, a d&rsquo;ailleurs mis en cause l&rsquo;UE, d\u00e9non\u00e7ant sa responsabilit\u00e9 dans le \u00ab\u00a0pi\u00e8ge mortel\u00a0\u00bb que repr\u00e9sente la M\u00e9diterran\u00e9e.<\/p>\n\n\n\n<p>\u00ab\u00a0Nous avons l&rsquo;impression que l&rsquo;Union europ\u00e9enne m\u00e8ne une guerre non d\u00e9clar\u00e9e contre les migrants qui meurent parce qu&rsquo;ils n&rsquo;ont pas d&rsquo;autre voie plus s\u00fbre\u00a0\u00bb, a-t-il lanc\u00e9.<\/p>\n\n\n\n<p>\u00ab\u00a0L&rsquo;UE ne s&rsquo;occupe de la question migratoire que quand il s&rsquo;agit des Ukrainiens\u00a0\u00bb, a-t-il ajout\u00e9, d\u00e9plorant que les autres migrants ne jouissent pas du \u00ab\u00a0m\u00eame niveau de solidarit\u00e9\u00a0\u00bb.<\/p>\n\n\n\n<p>La\u00a0Russie\u00a0\u00ab\u00a0comme toujours est absente d\u00e8s qu&rsquo;il s&rsquo;agit de r\u00e9pondre concr\u00e8tement aux crises humanitaires\u00a0\u00bb, a r\u00e9pondu l&rsquo;ambassadeur fran\u00e7ais Nicolas de Rivi\u00e8re, \u00e9voquant les contributions russes au budget du HCR.<\/p>\n\n\n\n<p>\u00ab\u00a0La pr\u00e9sence de Wagner [groupe paramilitaire russe, NDLR] au Sahel contribue \u00e0 l&rsquo;instabilit\u00e9 de la r\u00e9gion, qui nourrit le terrorisme et conduit \u00e0 des d\u00e9placements de population\u00a0\u00bb, a-t-il ajout\u00e9.<\/p>\n\n\n\n<p><em>Avec AFP<\/em><\/p>\n","protected":false},"excerpt":{"rendered":"<p>Selon le Haut commissariat aux r\u00e9fugi\u00e9s de l&rsquo;ONU, selon des chiffres arr\u00eat\u00e9s au 24\u00a0septembre, plus de 2\u00a0500 migrants sont morts<\/p>\n","protected":false},"author":1,"featured_media":8343,"comment_status":"open","ping_status":"open","sticky":false,"template":"","format":"standard","meta":{"footnotes":""},"categories":[21],"tags":[],"class_list":["post-22524","post","type-post","status-publish","format-standard","has-post-thumbnail","hentry","category-societe"],"_links":{"self":[{"href":"https:\/\/dekkbi.com\/index.php?rest_route=\/wp\/v2\/posts\/22524","targetHints":{"allow":["GET"]}}],"collection":[{"href":"https:\/\/dekkbi.com\/index.php?rest_route=\/wp\/v2\/posts"}],"about":[{"href":"https:\/\/dekkbi.com\/index.php?rest_route=\/wp\/v2\/types\/post"}],"author":[{"embeddable":true,"href":"https:\/\/dekkbi.com\/index.php?rest_route=\/wp\/v2\/users\/1"}],"replies":[{"embeddable":true,"href":"https:\/\/dekkbi.com\/index.php?rest_route=%2Fwp%2Fv2%2Fcomments&post=22524"}],"version-history":[{"count":1,"href":"https:\/\/dekkbi.com\/index.php?rest_route=\/wp\/v2\/posts\/22524\/revisions"}],"predecessor-version":[{"id":22525,"href":"https:\/\/dekkbi.com\/index.php?rest_route=\/wp\/v2\/posts\/22524\/revisions\/22525"}],"wp:featuredmedia":[{"embeddable":true,"href":"https:\/\/dekkbi.com\/index.php?rest_route=\/wp\/v2\/media\/8343"}],"wp:attachment":[{"href":"https:\/\/dekkbi.com\/index.php?rest_route=%2Fwp%2Fv2%2Fmedia&parent=22524"}],"wp:term":[{"taxonomy":"category","embeddable":true,"href":"https:\/\/dekkbi.com\/index.php?rest_route=%2Fwp%2Fv2%2Fcategories&post=22524"},{"taxonomy":"post_tag","embeddable":true,"href":"https:\/\/dekkbi.com\/index.php?rest_route=%2Fwp%2Fv2%2Ftags&post=22524"}],"curies":[{"name":"wp","href":"https:\/\/api.w.org\/{rel}","templated":true}]}}