{"id":2252,"date":"2022-10-25T15:49:05","date_gmt":"2022-10-25T15:49:05","guid":{"rendered":"https:\/\/dekkbi.com\/?p=2252"},"modified":"2022-10-25T15:49:06","modified_gmt":"2022-10-25T15:49:06","slug":"gaz-senegalais-ces-pays-europeens-qui-se-sont-clairement-signales","status":"publish","type":"post","link":"https:\/\/dekkbi.com\/?p=2252","title":{"rendered":"Gaz s\u00e9n\u00e9galais : Ces pays europ\u00e9ens qui se sont clairement signal\u00e9s !"},"content":{"rendered":"\n<p>iGFM &#8211; (Dakar) Si tout se passe bien, en 2023 le S\u00e9n\u00e9gal sera producteur de gaz. D\u00e9j\u00e0, du fait de la crise Russo-ukrainienne, certains pays europ\u00e9ens se positionnent.<\/p>\n\n\n\n<p>En 2023, le S\u00e9n\u00e9gal devrait rejoindre le cercle des pays producteurs de gaz. Un statut qui attire nombre de pays europ\u00e9ens qui sont actuellement \u00e0 la recherche de fournisseurs en Gnl, notamment avec la crise Russo Ukrainienne. L\u2019Allemagne et la Pologne se sont d\u00e9j\u00e0 tr\u00e8s clairement signal\u00e9s.<\/p>\n\n\n\n<p>\u00abNous savons que les gisements d\u2019hydrocarbures s\u00e9n\u00e9galais vont \u00eatre exploit\u00e9s tr\u00e8s prochainement. C\u2019est pour cela que les repr\u00e9sentants de grands groupes p\u00e9trochimiques polonais sont pr\u00e9sents dans ma d\u00e9l\u00e9gation. Nous avons touch\u00e9 la question de l\u2019exploitation de ces gisements et la possibilit\u00e9 de livraison du gaz s\u00e9n\u00e9galais en Pologne\u00bb, a d\u00e9clar\u00e9 le pr\u00e9sident polonais, lors de sa visite au S\u00e9n\u00e9gal, le mois dernier.<\/p>\n\n\n\n<p>Andrzej Duda a \u00e9t\u00e9 pr\u00e9c\u00e9d\u00e9 par le pr\u00e9sident Allemand au S\u00e9n\u00e9gal. L\u2019Allemagne veut r\u00e9duire sa tr\u00e8s forte d\u00e9pendance vis-\u00e0-vis de la Russie, sur le plan \u00e9nerg\u00e9tique. Et la question a \u00e9t\u00e9 \u00e9voqu\u00e9e en mai dernier entre les pr\u00e9sidents Franck Walter et Macky Sall. Ce dernier a assur\u00e9 que le S\u00e9n\u00e9gal est dispos\u00e9 \u00e0 approvisionner l\u2019Europe qui craint, actuellement, un rude hivers.<\/p>\n\n\n\n<p>\u00abNous sommes pr\u00eats, nous S\u00e9n\u00e9gal, \u00e0 travailler dans une perspective d\u2019alimenter l\u2019Europe en Gaz naturel liqu\u00e9fi\u00e9\u00bb, avait indiqu\u00e9 le pr\u00e9sident Macky Sall alors qu\u2019il recevait son homologue Allemand en mai dernier. Mais, les conditions pr\u00e9alables restent un accompagnement. Car Macky Sall a toujours d\u00e9nonc\u00e9 l\u2019arr\u00eat des financements allou\u00e9s \u00e0 l\u2019exploitation gazi\u00e8re, voulu par nombre de puissances occidentales.<\/p>\n\n\n\n<p>\u00abL\u2019Afrique a \u00e9norm\u00e9ment de gaz. Et il est \u00e9tonnant &nbsp;que de grands &nbsp;pays disent : \u00a0\u00bbon ne va plus financer le gaz\u00a0\u00bb. Et au m\u00eame moment on nous dit qu\u2019on veut nous aider \u00e0 nous d\u00e9velopper, pendant que ces pays utilisent des \u00e9nergies beaucoup plus polluantes que le gaz\u00bb, avait-t-il d\u00e9clar\u00e9 lors du Forum de Paris.<\/p>\n","protected":false},"excerpt":{"rendered":"<p>iGFM &#8211; (Dakar) Si tout se passe bien, en 2023 le S\u00e9n\u00e9gal sera producteur de gaz. D\u00e9j\u00e0, du fait de<\/p>\n","protected":false},"author":1,"featured_media":2253,"comment_status":"open","ping_status":"open","sticky":false,"template":"","format":"standard","meta":{"footnotes":""},"categories":[6],"tags":[],"class_list":["post-2252","post","type-post","status-publish","format-standard","has-post-thumbnail","hentry","category-politics"],"_links":{"self":[{"href":"https:\/\/dekkbi.com\/index.php?rest_route=\/wp\/v2\/posts\/2252","targetHints":{"allow":["GET"]}}],"collection":[{"href":"https:\/\/dekkbi.com\/index.php?rest_route=\/wp\/v2\/posts"}],"about":[{"href":"https:\/\/dekkbi.com\/index.php?rest_route=\/wp\/v2\/types\/post"}],"author":[{"embeddable":true,"href":"https:\/\/dekkbi.com\/index.php?rest_route=\/wp\/v2\/users\/1"}],"replies":[{"embeddable":true,"href":"https:\/\/dekkbi.com\/index.php?rest_route=%2Fwp%2Fv2%2Fcomments&post=2252"}],"version-history":[{"count":1,"href":"https:\/\/dekkbi.com\/index.php?rest_route=\/wp\/v2\/posts\/2252\/revisions"}],"predecessor-version":[{"id":2254,"href":"https:\/\/dekkbi.com\/index.php?rest_route=\/wp\/v2\/posts\/2252\/revisions\/2254"}],"wp:featuredmedia":[{"embeddable":true,"href":"https:\/\/dekkbi.com\/index.php?rest_route=\/wp\/v2\/media\/2253"}],"wp:attachment":[{"href":"https:\/\/dekkbi.com\/index.php?rest_route=%2Fwp%2Fv2%2Fmedia&parent=2252"}],"wp:term":[{"taxonomy":"category","embeddable":true,"href":"https:\/\/dekkbi.com\/index.php?rest_route=%2Fwp%2Fv2%2Fcategories&post=2252"},{"taxonomy":"post_tag","embeddable":true,"href":"https:\/\/dekkbi.com\/index.php?rest_route=%2Fwp%2Fv2%2Ftags&post=2252"}],"curies":[{"name":"wp","href":"https:\/\/api.w.org\/{rel}","templated":true}]}}