{"id":2249,"date":"2022-10-25T15:45:29","date_gmt":"2022-10-25T15:45:29","guid":{"rendered":"https:\/\/dekkbi.com\/?p=2249"},"modified":"2022-10-25T15:45:30","modified_gmt":"2022-10-25T15:45:30","slug":"conflit-ukrainien-la-demande-osee-de-la-france-et-la-reponse-ferme-du-senegal","status":"publish","type":"post","link":"https:\/\/dekkbi.com\/?p=2249","title":{"rendered":"Conflit ukrainien : La demande os\u00e9e de la France et la r\u00e9ponse ferme du S\u00e9n\u00e9gal"},"content":{"rendered":"\n<p><\/p>\n\n\n\n<p>Je ne peux pas accepter qu&rsquo;on dise que la position du S\u00e9n\u00e9gal est une position ambigu\u00eb. Est-ce qu&rsquo;on demande \u00e0 une quelconque puissance de justifier sa position ? Jamais\u00a0\u00bb. Telle est la r\u00e9ponse ferme servie par la ministre des Affaires \u00e9trang\u00e8res du S\u00e9n\u00e9gal aux autorit\u00e9s fran\u00e7aises qui demandent aux pays africains notamment le S\u00e9n\u00e9gal de se positionner dans le conflit ukrainien en \u00e9tant solidaires \u00e0 l&rsquo;Europe.&nbsp;<\/p>\n\n\n\n<p>\u00a0Au micro de Europe 1 Aissata Tall a m\u00eame assimil\u00e9 cette demande \u00e0 une maladresse, au pire \u00e0 une ing\u00e9rence.\u00a0<br>\u00a0<br>\u00ab\u00a0Pourquoi devrait-on demander aux \u00c9tats africains, quand ils prennent une position, de la justifier ? La diplomatie, c&rsquo;est la souverainet\u00e9 par excellence\u00a0\u00bb, a aussi pr\u00e9cis\u00e9 la patronne de la diplomatie s\u00e9n\u00e9galaise.\u00a0<br>\u00a0<br>Pour rappel, il y a deux semaines, sur les 54 pays africains, seulement 26 ont vot\u00e9 en faveur de la r\u00e9solution de l\u2019ONU condamnant l\u2019annexion des quatre r\u00e9gions ukrainiennes par la Russie. Pr\u00e8s de la moiti\u00e9 des pays africains revendiquent un non alignement dans ce conflit.<\/p>\n\n\n\n<p>Au regard de la reponse servie par Aissata Tall Sall, on peut affirmer que la demande formul\u00e9e par la France au Forum de Dakar pour la s\u00e9curit\u00e9 qui se tient au S\u00e9n\u00e9gal, n&rsquo;est pas bien accueillie par \u00a0les pays africains.<\/p>\n","protected":false},"excerpt":{"rendered":"<p>Je ne peux pas accepter qu&rsquo;on dise que la position du S\u00e9n\u00e9gal est une position ambigu\u00eb. Est-ce qu&rsquo;on demande \u00e0<\/p>\n","protected":false},"author":1,"featured_media":2250,"comment_status":"open","ping_status":"open","sticky":false,"template":"","format":"standard","meta":{"footnotes":""},"categories":[6],"tags":[],"class_list":["post-2249","post","type-post","status-publish","format-standard","has-post-thumbnail","hentry","category-politics"],"_links":{"self":[{"href":"https:\/\/dekkbi.com\/index.php?rest_route=\/wp\/v2\/posts\/2249","targetHints":{"allow":["GET"]}}],"collection":[{"href":"https:\/\/dekkbi.com\/index.php?rest_route=\/wp\/v2\/posts"}],"about":[{"href":"https:\/\/dekkbi.com\/index.php?rest_route=\/wp\/v2\/types\/post"}],"author":[{"embeddable":true,"href":"https:\/\/dekkbi.com\/index.php?rest_route=\/wp\/v2\/users\/1"}],"replies":[{"embeddable":true,"href":"https:\/\/dekkbi.com\/index.php?rest_route=%2Fwp%2Fv2%2Fcomments&post=2249"}],"version-history":[{"count":1,"href":"https:\/\/dekkbi.com\/index.php?rest_route=\/wp\/v2\/posts\/2249\/revisions"}],"predecessor-version":[{"id":2251,"href":"https:\/\/dekkbi.com\/index.php?rest_route=\/wp\/v2\/posts\/2249\/revisions\/2251"}],"wp:featuredmedia":[{"embeddable":true,"href":"https:\/\/dekkbi.com\/index.php?rest_route=\/wp\/v2\/media\/2250"}],"wp:attachment":[{"href":"https:\/\/dekkbi.com\/index.php?rest_route=%2Fwp%2Fv2%2Fmedia&parent=2249"}],"wp:term":[{"taxonomy":"category","embeddable":true,"href":"https:\/\/dekkbi.com\/index.php?rest_route=%2Fwp%2Fv2%2Fcategories&post=2249"},{"taxonomy":"post_tag","embeddable":true,"href":"https:\/\/dekkbi.com\/index.php?rest_route=%2Fwp%2Fv2%2Ftags&post=2249"}],"curies":[{"name":"wp","href":"https:\/\/api.w.org\/{rel}","templated":true}]}}