{"id":22424,"date":"2023-09-28T11:16:52","date_gmt":"2023-09-28T11:16:52","guid":{"rendered":"https:\/\/dekkbi.com\/?p=22424"},"modified":"2023-09-28T11:16:52","modified_gmt":"2023-09-28T11:16:52","slug":"marrakech-lancement-de-la-deuxieme-conference-africaine-sur-la-reduction-des-risques-en-sante","status":"publish","type":"post","link":"https:\/\/dekkbi.com\/?p=22424","title":{"rendered":"Marrakech : lancement de la deuxi\u00e8me Conf\u00e9rence africaine sur la r\u00e9duction des risques en sant\u00e9"},"content":{"rendered":"\n<p>Marrakech (Maroc), 27 sept (APS) \u2013 La ville de Marrakech (Maroc) abrite depuis mercredi la deuxi\u00e8me Conf\u00e9rence africaine sur la r\u00e9duction des risques en sant\u00e9, qui vise notamment \u00e0 \u2018\u2019d\u00e9velopper un cadre africain commun bas\u00e9 sur les exp\u00e9riences des pays et les avis des experts dans le domaine de la sant\u00e9 publique\u2019\u2019.Plac\u00e9e sous le haut patronage de sa majest\u00e9 le roi Mohammed VI, la rencontre est organis\u00e9e par le minist\u00e8re de la Sant\u00e9 et de la Protection sociale et le minist\u00e8re de l\u2019Agriculture, de la P\u00eache maritime, du D\u00e9veloppement rural et des Eaux et for\u00eats du Maroc, en partenariat avec l\u2019association \u00ab African Global Health \u00bb\u2018\u2019Cet \u00e9v\u00e8nement important met en avant la r\u00e9alit\u00e9 des syst\u00e8mes de sant\u00e9 et de s\u00e9curit\u00e9 alimentaire en Afrique\u2019\u2019, a indiqu\u00e9 la charg\u00e9e de communication de la conf\u00e9rence, Ouidade Melhaf.Cette conf\u00e9rence vise selon elle \u00e0 d\u00e9velopper un cadre africain commun bas\u00e9 sur les exp\u00e9riences des pays et les avis des experts dans le domaine de la sant\u00e9 publique.Elle la pr\u00e9sente aussi comme une occasion de discuter sur \u2018\u2019les mesures efficaces pour pr\u00e9venir et att\u00e9nuer les effets des crises sanitaires sur les plans humanitaire, social, politique et \u00e9conomique\u2019\u2019.Elle ajoute qu\u2019elle sera \u00e9galement l\u2019occasion d\u2019\u00e9valuer la mise en \u0153uvre des recommandations de la premi\u00e8re \u00e9dition et de sortir avec de nouvelles recommandations. Il s\u2019agit de r\u00e9duire les risques sanitaires, de renforcer la s\u00e9curit\u00e9 alimentaire et de pr\u00e9server les \u00e9cosyst\u00e8mes, en raison de leur impact direct sur la sant\u00e9 publique et la qualit\u00e9 de vie des populations, a-t-elle expliqu\u00e9.Cette conf\u00e9rence internationale verra la participation d\u2019\u00e9minentes personnalit\u00e9s, notamment de ministres, d\u2019ambassadeurs, d\u2019experts, de scientifiques, d\u2019hommes politiques ainsi que de repr\u00e9sentants d\u2019organisations non gouvernementales internationales.\u2018\u2019Elle offrira un cadre propice \u00e0 l\u2019\u00e9change d\u2019informations et d\u2019exp\u00e9riences en mati\u00e8re de r\u00e9duction des risques sanitaires et abordera les d\u00e9fis li\u00e9s \u00e0 l\u2019eau, \u00e0 l\u2019environnement, et \u00e0 leur incidence sur la s\u00e9curit\u00e9 alimentaire et sanitaire en Afrique\u2019\u2019, a-t-elle pr\u00e9cis\u00e9.Elle rel\u00e8ve que \u2018\u2019l\u2019organisation de cette conf\u00e9rence intervient dans la dynamique acc\u00e9l\u00e9r\u00e9e de la mise en \u0153uvre de la r\u00e9forme du syst\u00e8me national de sant\u00e9 et de g\u00e9n\u00e9ralisation de la protection sociale visant \u00e0 garantir un acc\u00e8s \u00e9quitable \u00e0 des services de sant\u00e9 durables et de qualit\u00e9 pour tous les citoyens marocains\u2019\u2019.Elle souligne qu\u2019elle intervient \u00e9galement dans un contexte mondial marqu\u00e9 par l\u2019aggravation des crises sanitaires et des \u00e9pid\u00e9mies, des changements climatiques, de la p\u00e9nurie de l\u2019eau et de la s\u00e9curit\u00e9 alimentaire, qui ont un impact direct sur les syst\u00e8mes de sant\u00e9 et sur les cha\u00eenes de valeur agricoles et logistiques.<\/p>\n\n\n\n<p>BT\/ASG\/ADC<\/p>\n","protected":false},"excerpt":{"rendered":"<p>Marrakech (Maroc), 27 sept (APS) \u2013 La ville de Marrakech (Maroc) abrite depuis mercredi la deuxi\u00e8me Conf\u00e9rence africaine sur la<\/p>\n","protected":false},"author":1,"featured_media":22425,"comment_status":"open","ping_status":"open","sticky":false,"template":"","format":"standard","meta":{"footnotes":""},"categories":[51],"tags":[],"class_list":["post-22424","post","type-post","status-publish","format-standard","has-post-thumbnail","hentry","category-general"],"_links":{"self":[{"href":"https:\/\/dekkbi.com\/index.php?rest_route=\/wp\/v2\/posts\/22424","targetHints":{"allow":["GET"]}}],"collection":[{"href":"https:\/\/dekkbi.com\/index.php?rest_route=\/wp\/v2\/posts"}],"about":[{"href":"https:\/\/dekkbi.com\/index.php?rest_route=\/wp\/v2\/types\/post"}],"author":[{"embeddable":true,"href":"https:\/\/dekkbi.com\/index.php?rest_route=\/wp\/v2\/users\/1"}],"replies":[{"embeddable":true,"href":"https:\/\/dekkbi.com\/index.php?rest_route=%2Fwp%2Fv2%2Fcomments&post=22424"}],"version-history":[{"count":1,"href":"https:\/\/dekkbi.com\/index.php?rest_route=\/wp\/v2\/posts\/22424\/revisions"}],"predecessor-version":[{"id":22426,"href":"https:\/\/dekkbi.com\/index.php?rest_route=\/wp\/v2\/posts\/22424\/revisions\/22426"}],"wp:featuredmedia":[{"embeddable":true,"href":"https:\/\/dekkbi.com\/index.php?rest_route=\/wp\/v2\/media\/22425"}],"wp:attachment":[{"href":"https:\/\/dekkbi.com\/index.php?rest_route=%2Fwp%2Fv2%2Fmedia&parent=22424"}],"wp:term":[{"taxonomy":"category","embeddable":true,"href":"https:\/\/dekkbi.com\/index.php?rest_route=%2Fwp%2Fv2%2Fcategories&post=22424"},{"taxonomy":"post_tag","embeddable":true,"href":"https:\/\/dekkbi.com\/index.php?rest_route=%2Fwp%2Fv2%2Ftags&post=22424"}],"curies":[{"name":"wp","href":"https:\/\/api.w.org\/{rel}","templated":true}]}}