{"id":22421,"date":"2023-09-28T11:13:21","date_gmt":"2023-09-28T11:13:21","guid":{"rendered":"https:\/\/dekkbi.com\/?p=22421"},"modified":"2023-09-28T11:13:21","modified_gmt":"2023-09-28T11:13:21","slug":"can-2029-ce-serait-une-bonne-chose-de-revenir-en-competition-selon-augustin-senghor","status":"publish","type":"post","link":"https:\/\/dekkbi.com\/?p=22421","title":{"rendered":"CAN 2029 : \u00ab\u00a0Ce serait une bonne chose de revenir en comp\u00e9tition\u00a0\u00bb, selon Augustin Senghor"},"content":{"rendered":"\n<p>Dakar, 27 sept (APS) \u2013 Une candidature du S\u00e9n\u00e9gal \u00e0 l\u2019organisation de la Coupe d\u2019Afrique des nations de football 2029, apr\u00e8s la non attribution de celle de 2027, serait  \u00bbune bonne chose \u00bb, a soutenu, mercredi, le pr\u00e9sident de la F\u00e9d\u00e9ration s\u00e9n\u00e9galaise de football (FSF), Augustin Senghor.\u00ab Ce serait une bonne chose de revenir en comp\u00e9tition pour 2029 mais pour cela, il faut une d\u00e9cision des autorit\u00e9s \u00bb, a-t-il r\u00e9agi \u00e0 l\u2019APS, apr\u00e8s l\u2019attribution par la Conf\u00e9d\u00e9ration africaine de football (CAF) de l\u2019organisation de la CAN 2027 , \u00e0 laquelle le S\u00e9n\u00e9gal \u00e9tait candidat, aux trio Kenya-Ouganda-Tanzanie.La CAF a aussi d\u00e9sign\u00e9 le Maroc comme pays h\u00f4te de la CAN 2025. Apr\u00e8s l\u2019\u00e9dition de 1988, les Marocains vont accueillir la CAN 2025, 37 ans apr\u00e8s. Le royaume ch\u00e9rifien devait abriter l\u2019\u00e9dition de 2015, mais la CAF lui en avait retir\u00e9 l\u2019organisation, apr\u00e8s qu\u2019il avait demand\u00e9 le report de cette \u00e9dition pour cause d\u2019\u00e9pid\u00e9mie d\u2019Ebola. La Guin\u00e9e Equatoriale avait alors abrit\u00e9 cette CAN.La candidature du trio Kenya-Ouganda-Tanzanie a \u00e9t\u00e9 pr\u00e9f\u00e9r\u00e9e \u00e0 celles du S\u00e9n\u00e9gal, du Botswana, de l\u2019\u00c9gypte, et \u00e0 la candidature commune du B\u00e9nin et du Nigeria. Ces pays de l\u2019Afrique de l\u2019est vont accueillir leur premier \u00e9dition de la CAN.SK\/ADC<\/p>\n","protected":false},"excerpt":{"rendered":"<p>Dakar, 27 sept (APS) \u2013 Une candidature du S\u00e9n\u00e9gal \u00e0 l\u2019organisation de la Coupe d\u2019Afrique des nations de football 2029,<\/p>\n","protected":false},"author":1,"featured_media":22422,"comment_status":"open","ping_status":"open","sticky":false,"template":"","format":"standard","meta":{"footnotes":""},"categories":[9],"tags":[],"class_list":["post-22421","post","type-post","status-publish","format-standard","has-post-thumbnail","hentry","category-sports"],"_links":{"self":[{"href":"https:\/\/dekkbi.com\/index.php?rest_route=\/wp\/v2\/posts\/22421","targetHints":{"allow":["GET"]}}],"collection":[{"href":"https:\/\/dekkbi.com\/index.php?rest_route=\/wp\/v2\/posts"}],"about":[{"href":"https:\/\/dekkbi.com\/index.php?rest_route=\/wp\/v2\/types\/post"}],"author":[{"embeddable":true,"href":"https:\/\/dekkbi.com\/index.php?rest_route=\/wp\/v2\/users\/1"}],"replies":[{"embeddable":true,"href":"https:\/\/dekkbi.com\/index.php?rest_route=%2Fwp%2Fv2%2Fcomments&post=22421"}],"version-history":[{"count":1,"href":"https:\/\/dekkbi.com\/index.php?rest_route=\/wp\/v2\/posts\/22421\/revisions"}],"predecessor-version":[{"id":22423,"href":"https:\/\/dekkbi.com\/index.php?rest_route=\/wp\/v2\/posts\/22421\/revisions\/22423"}],"wp:featuredmedia":[{"embeddable":true,"href":"https:\/\/dekkbi.com\/index.php?rest_route=\/wp\/v2\/media\/22422"}],"wp:attachment":[{"href":"https:\/\/dekkbi.com\/index.php?rest_route=%2Fwp%2Fv2%2Fmedia&parent=22421"}],"wp:term":[{"taxonomy":"category","embeddable":true,"href":"https:\/\/dekkbi.com\/index.php?rest_route=%2Fwp%2Fv2%2Fcategories&post=22421"},{"taxonomy":"post_tag","embeddable":true,"href":"https:\/\/dekkbi.com\/index.php?rest_route=%2Fwp%2Fv2%2Ftags&post=22421"}],"curies":[{"name":"wp","href":"https:\/\/api.w.org\/{rel}","templated":true}]}}