{"id":22382,"date":"2023-09-27T12:59:14","date_gmt":"2023-09-27T12:59:14","guid":{"rendered":"https:\/\/dekkbi.com\/?p=22382"},"modified":"2023-09-27T12:59:15","modified_gmt":"2023-09-27T12:59:15","slug":"decryptage-son-sport-favori-detourner-les-binationaux-apres-le-senegal-deschamps-pointe-du-doigt-en-algerie","status":"publish","type":"post","link":"https:\/\/dekkbi.com\/?p=22382","title":{"rendered":"D\u00e9cryptage \u2013 Son sport favori\u00a0: d\u00e9tourner les binationaux : Apr\u00e8s le S\u00e9n\u00e9gal, Deschamps point\u00e9 du doigt en Alg\u00e9rie"},"content":{"rendered":"\n<p><strong>D\u00e8s qu\u2019un pays africain s\u2019int\u00e9resse \u00e0 un binational, le s\u00e9lectionneur de la France entre en jeu pour tenter de le d\u00e9tourner vers la \u00abmaison bleue\u00bb. Au S\u00e9n\u00e9gal, on a connu des cas comme celui de Boubacar Kamara, et r\u00e9cemment avec Andy Diouf et Habib Diarra chez les Espoirs fran\u00e7ais de Thierry Henry. Aujourd\u2019hui, c\u2019est \u00e0 l\u2019Alg\u00e9rie de prendre sa dose, par rapport aux man\u0153uvres de Didier Deschamps, avec le feuilleton de l\u2019attaquant rennais, Amine Gouiri. Qui finalement a r\u00e9sist\u00e9 \u00e0 toute forme de pression. Explications.<\/strong><\/p>\n\n\n\n<p><strong>Par Hyacinthe DIANDY \u2013<\/strong>&nbsp;Comme chez beaucoup de s\u00e9lectionneurs, la chasse aux binationaux est \u00e0 la mode, le coach des Fennecs d\u2019Alg\u00e9rie n\u2019est pas en reste. A l\u2019image de son pote, Aliou Ciss\u00e9 du S\u00e9n\u00e9gal, Djamel Belmadi entend renforcer son groupe pour la prochaine Can ivoirienne. Et \u00e9videmment, il n\u2019h\u00e9site pas \u00e0 ratisser large et \u00e0 jeter un regard un peu partout, et principalement en France o\u00f9 vit une forte communaut\u00e9 alg\u00e9rienne. C\u2019est ainsi que Belmadi avait dans son viseur deux jeunes binationaux tr\u00e8s talentueux&nbsp;: Rayan Cherki de Lyon (20 ans) et Amine Gouiri de Rennes (23 ans).<\/p>\n\n\n\n<p>Mais les choses ne vont pas se passer comme pr\u00e9vu, si on suit la presse locale. La faute d\u2019abord \u00e0 Thierry Henry, tout nouveau coach de l\u2019Equipe de France Espoir. L\u2019ancienne l\u00e9gende des Bleus qui, semble-t-il, a bien appris la le\u00e7on aupr\u00e8s de Deschamps, a insist\u00e9 pour avoir Rayan Cherki dans ses rangs. Et finalement, il a eu le dernier mot. En effet, dans la liste des joueurs convoqu\u00e9s lors des derniers matchs des Bleuets, il y avait bien le nom du joueur de Lyon. Apparemment Thierry Henry, \u00e0 l\u2019image des binationaux s\u00e9n\u00e9galais Andy Diouf et Habib Diarra, a r\u00e9ussi \u00e0 convaincre Cherki de rester en France. Au grand dam du s\u00e9lectionneur des Fennecs, qui misait beaucoup sur ce jeune talent.<\/p>\n\n\n\n<p>Par contre, Belmadi esp\u00e9rait r\u00e9cup\u00e9rer Amine Gouiri. Surtout que les choses se sont acc\u00e9l\u00e9r\u00e9es dans le dossier de l\u2019attaquant franco-alg\u00e9rien du Stade Rennais qui avait envoy\u00e9 \u00e0 l\u2019administration de la F\u00e9d\u00e9 alg\u00e9rienne, sa fameuse lettre d\u2019engagement et son passeport alg\u00e9rien, documents indispensables \u00e0 son changement de nationalit\u00e9 sportive. Son dossier bien ficel\u00e9 ayant \u00e9t\u00e9 envoy\u00e9 \u00e0 la Fifa qui a donn\u00e9 son feu vert le 29 ao\u00fbt 2023.<\/p>\n\n\n\n<p>Devenu \u00e9ligible pour l\u2019Alg\u00e9rie, le d\u00e9lai \u00e9tait trop court pour que Gouiri puisse disputer les matchs de septembre (contre Tanzanie et S\u00e9n\u00e9gal). Belmadi ayant pr\u00e9vu de le convoquer pour la premi\u00e8re fois durant la fen\u00eatre d\u2019octobre prochain.<\/p>\n\n\n\n<p>Mais coup de tonnerre&nbsp;! Attendu en Equipe d\u2019Alg\u00e9rie, l\u2019attaquant rennais Amine Gouiri (6 matchs, 1 but) n\u2019aurait pas inform\u00e9 sa direction de son choix de rejoindre les Verts, d\u2019apr\u00e8s le Directeur sportif, Florian Maurice, semant ainsi le doute sur ses intentions.<\/p>\n\n\n\n<p>En effet, le dirigeant rennais a pris le contre-pied de cette information, le 14 septembre dernier, en marge de la pr\u00e9sentation des derni\u00e8res recrues estival du club breton. \u00abJ\u2019ai \u00e9chang\u00e9 avec Amine par rapport \u00e0 \u00e7a. Pour l\u2019instant, la d\u00e9cision n\u2019est pas act\u00e9e\u00bb, a-t-il d\u00e9menti.<\/p>\n\n\n\n<p>Un d\u00e9menti qui consiste, d\u2019apr\u00e8s l\u2019ex-s\u00e9lectionneur de l\u2019Alg\u00e9rie, Nasser Sandjak, \u00e0 d\u00e9tourner le Franco-Alg\u00e9rien de sa trajectoire, au profit du s\u00e9lectionneur de l\u2019Equipe de France, Didier Deschamps.<\/p>\n\n\n\n<p><strong>\u00abDeschamps a appel\u00e9 le Stade Rennais pour dissuader le joueur\u00bb<\/strong><br>\u00abMoi qui vis et travaille en France, je suis s\u00fbr que cette pression exerc\u00e9e sur le petit Amine Gouiri n\u2019est pas due au hasard. Je pense que Didier Deschamps a appel\u00e9 le Stade Rennais pour dissuader le joueur de rejoindre les rangs de l\u2019Alg\u00e9rie, a estim\u00e9 l\u2019ancien coach de la Js Kabylie dans un entretien accord\u00e9 au journal sportif alg\u00e9rien Comp\u00e9tition. C\u2019est un entra\u00eeneur ; quand il veut un joueur, il a sa propre strat\u00e9gie pour l\u2019attirer chez les Bleus.\u00bb \u00abOn conna\u00eet la musique, d\u00e8s que Deschamps a un \u0153il sur un joueur, il use de tous les moyens possibles pour le pousser \u00e0 rejoindre l\u2019Equipe de France. Mais comme Amine Gouiri a d\u00e9j\u00e0 son passeport alg\u00e9rien, le s\u00e9lectionneur fran\u00e7ais a agi tardivement, c\u2019est du moins ce que je pense. Vous savez, les Fran\u00e7ais, ils prennent des joueurs aux autres pays et apr\u00e8s, ils les jettent ! (\u2026)\u00bb, a-t-il martel\u00e9.<\/p>\n\n\n\n<p><strong>L\u2019annonce forte de Gouiri\u00a0; Deschamps rate sa cible<\/strong><br>Mais finalement, l\u2019Alg\u00e9rie peut afficher le sourire. En effet, hier dans l\u2019apr\u00e8s-midi, Amine Gouiri a rendu sa d\u00e9cision officielle via un communiqu\u00e9 publi\u00e9 sur ses r\u00e9seaux sociaux. \u00abAvec fiert\u00e9, je vous annonce ma d\u00e9cision de rejoindre la s\u00e9lection alg\u00e9rienne. Je d\u00e9fendrai corps et \u00e2me le maillot des Fennecs pour porter haut les couleurs de notre pays et contribuer \u00e0 \u00e9crire les prochaines pages de sa riche histoire\u00bb, a ainsi \u00e9crit l\u2019attaquant du Stade Rennais.<br>Cette fois-ci, Deschamps a rat\u00e9 sa cible\u00a0! Belmadi peut respirer.<\/p>\n\n\n\n<p> <br><strong>hdiandy@lequotidien.sn<\/strong><\/p>\n\n\n\n<p><\/p>\n","protected":false},"excerpt":{"rendered":"<p>D\u00e8s qu\u2019un pays africain s\u2019int\u00e9resse \u00e0 un binational, le s\u00e9lectionneur de la France entre en jeu pour tenter de le<\/p>\n","protected":false},"author":1,"featured_media":22383,"comment_status":"open","ping_status":"open","sticky":false,"template":"","format":"standard","meta":{"footnotes":""},"categories":[9],"tags":[],"class_list":["post-22382","post","type-post","status-publish","format-standard","has-post-thumbnail","hentry","category-sports"],"_links":{"self":[{"href":"https:\/\/dekkbi.com\/index.php?rest_route=\/wp\/v2\/posts\/22382","targetHints":{"allow":["GET"]}}],"collection":[{"href":"https:\/\/dekkbi.com\/index.php?rest_route=\/wp\/v2\/posts"}],"about":[{"href":"https:\/\/dekkbi.com\/index.php?rest_route=\/wp\/v2\/types\/post"}],"author":[{"embeddable":true,"href":"https:\/\/dekkbi.com\/index.php?rest_route=\/wp\/v2\/users\/1"}],"replies":[{"embeddable":true,"href":"https:\/\/dekkbi.com\/index.php?rest_route=%2Fwp%2Fv2%2Fcomments&post=22382"}],"version-history":[{"count":1,"href":"https:\/\/dekkbi.com\/index.php?rest_route=\/wp\/v2\/posts\/22382\/revisions"}],"predecessor-version":[{"id":22384,"href":"https:\/\/dekkbi.com\/index.php?rest_route=\/wp\/v2\/posts\/22382\/revisions\/22384"}],"wp:featuredmedia":[{"embeddable":true,"href":"https:\/\/dekkbi.com\/index.php?rest_route=\/wp\/v2\/media\/22383"}],"wp:attachment":[{"href":"https:\/\/dekkbi.com\/index.php?rest_route=%2Fwp%2Fv2%2Fmedia&parent=22382"}],"wp:term":[{"taxonomy":"category","embeddable":true,"href":"https:\/\/dekkbi.com\/index.php?rest_route=%2Fwp%2Fv2%2Fcategories&post=22382"},{"taxonomy":"post_tag","embeddable":true,"href":"https:\/\/dekkbi.com\/index.php?rest_route=%2Fwp%2Fv2%2Ftags&post=22382"}],"curies":[{"name":"wp","href":"https:\/\/api.w.org\/{rel}","templated":true}]}}