{"id":22337,"date":"2023-09-26T14:25:09","date_gmt":"2023-09-26T14:25:09","guid":{"rendered":"https:\/\/dekkbi.com\/?p=22337"},"modified":"2023-09-26T14:25:11","modified_gmt":"2023-09-26T14:25:11","slug":"cherte-de-la-vie-quand-les-senegalais-trinquent","status":"publish","type":"post","link":"https:\/\/dekkbi.com\/?p=22337","title":{"rendered":"Chert\u00e9 de la vie: quand les S\u00e9n\u00e9galais trinquent!"},"content":{"rendered":"\n<p><strong>En 2022, l\u2019inflation des prix \u00e0 cause de la pand\u00e9mie de la Covid-19 et la guerre en Ukraine avait beaucoup impact\u00e9 les m\u00e9nages. L\u2019Etat du S\u00e9n\u00e9gal avait d\u00e8s lors pris des initiatives et donner des directives d\u2019application imm\u00e9diates pour soulager les m\u00e9nages. Toutefois, il est regrettable de constater que l\u2019effet attendu n\u2019a pas eu lieu, les m\u00e9nages continuent de trinquer.<\/strong><\/p>\n\n\n\n<p>L\u2019hivernage, p\u00e9riode pendant laquelle le march\u00e9 n\u2019est pas tr\u00e8s bien approvisionn\u00e9, remet sur la table la difficile condition de vie des S\u00e9n\u00e9galais d\u00e9j\u00e0 accabl\u00e9s par la chert\u00e9 de la vie.&nbsp; En effet, le pouvoir d\u2019achat des m\u00e9nages est \u00e9prouv\u00e9 en d\u00e9pit des mesures d\u2019all\u00e8gement annonc\u00e9es en 2022.&nbsp; A l\u2019issue du Conseil national sur la consommation tenu le 5 novembre 2022 au palais de la R\u00e9publique, plusieurs d\u00e9cisions ont \u00e9t\u00e9 retenues pour all\u00e9ger les dures conditions de vie des S\u00e9n\u00e9galais.<\/p>\n\n\n\n<p>Parmi celles-ci, on rel\u00e8ve les mesures ayant trait \u00e0 l\u2019acc\u00e8s \u00e0 la location avec \u00ab&nbsp;une baisse de 20% sur les prix du loyer inf\u00e9rieur ou \u00e9gal \u00e0 300 000 Fcfa, une diminution de 10% sur les prix du loyer compris entre 301 000 Fcfa et 500 000 Fcfa. Enfin, une baisse de 10 % devrait \u00eatre appliqu\u00e9e sur les co\u00fbts du loyer sup\u00e9rieurs \u00e0 500 000 F Cfa&nbsp;\u00bb. Le constat est qu\u2019apr\u00e8s cette mesure, des bailleurs ont r\u00e9ussi \u00e0 se soustraire \u00e0 cette volont\u00e9 de l\u2019Etat.<\/p>\n\n\n\n<p>Dans le lot des d\u00e9cisions de l\u2019Etat non appliqu\u00e9es, il y\u2019a aussi le co\u00fbt des denr\u00e9es de premi\u00e8res consommations. Le kilo d\u2019oignon local devrait co\u00fbter 400 francs d\u2019apr\u00e8s ce qui a \u00e9t\u00e9 retenu, l\u2019oignon import\u00e9 devrait \u00eatre vendu \u00e0 500 francs le kilo. Le produit a connu une flamb\u00e9e consid\u00e9rable atteignant m\u00eame un prix jamais \u00e9gal\u00e9 dans le march\u00e9. La viande de mouton et de b\u0153uf dont le prix du kg est fix\u00e9 entre 4300 francs CFA et 3600 francs CFA, se vend au-del\u00e0 des prix indiqu\u00e9s.&nbsp; Le sucre lui aussi a connu une hausse.<\/p>\n\n\n\n<p>En plus des produits alimentaires, l\u2019\u00e9lectricit\u00e9 et l\u2019eau constituent des charges insupportables pour les petites bourses. Et pourtant apr\u00e8s ce Conseil sur la consommation, le pr\u00e9sident de la R\u00e9publique, Macky Sall, en Conseil des ministres du mercredi 9&nbsp;novembre 2022, avait invit\u00e9 \u00ab&nbsp;<em>le Premier ministre et le ministre du Commerce, de la Consommation et des PME, \u00e0 prendre tous les actes r\u00e9glementaires d\u2019application effective des prix fix\u00e9s, dans l\u2019esprit des consensus et d\u00e9cisions des concertations<\/em>&nbsp;\u00bb.<\/p>\n\n\n\n<p>Rappelons que le chef de l\u2019Etat avait aussi exhort\u00e9 \u00ab&nbsp;&nbsp;<em>le gouvernement \u00e0 poursuivre, sans rel\u00e2che, le dialogue constructif avec les consommateurs et les acteurs de l\u2019\u00e9conomie nationale, afin d\u2019assurer une r\u00e9gulation soutenue des activit\u00e9s dans l\u2019ensemble des secteurs, notamment la Sant\u00e9, dont la nomenclature des services et le dispositif r\u00e9glementaire d\u2019encadrement des tarifs doivent \u00eatre actualis\u00e9s, par les ministres en charge de la Sant\u00e9 et du Commerce, avant fin novembre 2022<\/em>&nbsp;\u00bb.<\/p>\n\n\n\n<p>Face \u00e0 ses ministres, Macky Sall avait rappel\u00e9, \u00ab&nbsp;<em>la n\u00e9cessit\u00e9 de doter l\u2019Administration du Commerce de moyens ad\u00e9quats pour mieux assurer ses missions de contr\u00f4le des prix et de veille sur la concurrence saine dans les secteurs de l\u2019\u00e9conomie&nbsp;\u00bb.<\/em>&nbsp; Ces efforts entrepris en 2022 ne sont pas les seules initiatives de l\u2019Etat pour soulager les m\u00e9nages&nbsp;: plusieurs autres actes similaires ont eu lieu sans qu\u2019une baisse consid\u00e9rable ne soit not\u00e9e. Apr\u00e8s quelques semaines d\u2019effectivit\u00e9, les prix reprennent leur ascendance sans un contr\u00f4le n\u00e9cessaire.<\/p>\n\n\n\n<p><strong>FATOU NDIAYE<\/strong><\/p>\n\n\n\n<p>SUDQUOTIDIEN<\/p>\n","protected":false},"excerpt":{"rendered":"<p>En 2022, l\u2019inflation des prix \u00e0 cause de la pand\u00e9mie de la Covid-19 et la guerre en Ukraine avait beaucoup<\/p>\n","protected":false},"author":1,"featured_media":8336,"comment_status":"open","ping_status":"open","sticky":false,"template":"","format":"standard","meta":{"footnotes":""},"categories":[21],"tags":[],"class_list":["post-22337","post","type-post","status-publish","format-standard","has-post-thumbnail","hentry","category-societe"],"_links":{"self":[{"href":"https:\/\/dekkbi.com\/index.php?rest_route=\/wp\/v2\/posts\/22337","targetHints":{"allow":["GET"]}}],"collection":[{"href":"https:\/\/dekkbi.com\/index.php?rest_route=\/wp\/v2\/posts"}],"about":[{"href":"https:\/\/dekkbi.com\/index.php?rest_route=\/wp\/v2\/types\/post"}],"author":[{"embeddable":true,"href":"https:\/\/dekkbi.com\/index.php?rest_route=\/wp\/v2\/users\/1"}],"replies":[{"embeddable":true,"href":"https:\/\/dekkbi.com\/index.php?rest_route=%2Fwp%2Fv2%2Fcomments&post=22337"}],"version-history":[{"count":1,"href":"https:\/\/dekkbi.com\/index.php?rest_route=\/wp\/v2\/posts\/22337\/revisions"}],"predecessor-version":[{"id":22338,"href":"https:\/\/dekkbi.com\/index.php?rest_route=\/wp\/v2\/posts\/22337\/revisions\/22338"}],"wp:featuredmedia":[{"embeddable":true,"href":"https:\/\/dekkbi.com\/index.php?rest_route=\/wp\/v2\/media\/8336"}],"wp:attachment":[{"href":"https:\/\/dekkbi.com\/index.php?rest_route=%2Fwp%2Fv2%2Fmedia&parent=22337"}],"wp:term":[{"taxonomy":"category","embeddable":true,"href":"https:\/\/dekkbi.com\/index.php?rest_route=%2Fwp%2Fv2%2Fcategories&post=22337"},{"taxonomy":"post_tag","embeddable":true,"href":"https:\/\/dekkbi.com\/index.php?rest_route=%2Fwp%2Fv2%2Ftags&post=22337"}],"curies":[{"name":"wp","href":"https:\/\/api.w.org\/{rel}","templated":true}]}}