{"id":22302,"date":"2023-09-26T12:57:04","date_gmt":"2023-09-26T12:57:04","guid":{"rendered":"https:\/\/dekkbi.com\/?p=22302"},"modified":"2023-09-26T13:02:34","modified_gmt":"2023-09-26T13:02:34","slug":"haut-karabakh-plus-de-13-000-personnes-sont-arrivees-en-armenie-une-explosion-fait-20-morts","status":"publish","type":"post","link":"https:\/\/dekkbi.com\/?p=22302","title":{"rendered":"Haut-Karabakh: plus de 13 000 personnes sont arriv\u00e9es en Arm\u00e9nie, une explosion fait 20 morts"},"content":{"rendered":"\n<p>Plus de 13.000 personnes venant du Haut-Karabakh ont fui en Arm\u00e9nie, a indiqu\u00e9 mardi Erevan,&nbsp;pr\u00e8s d&rsquo;une semaine apr\u00e8s le lancement d&rsquo;une offensive azerba\u00efdjanaise. Lundi soir, l&rsquo;explosion d&rsquo;un d\u00e9p\u00f4t de carburant a fait au moins 20 morts et 280 bless\u00e9s au Haut-Karabakh.<\/p>\n\n\n\n<p>Lundi soir, les autorit\u00e9s s\u00e9paratistes ont fait \u00e9tat de l&rsquo;explosion d&rsquo;un d\u00e9p\u00f4t de carburant qui a fait au moins 20 morts et plus de 280 bless\u00e9s au Haut-Karabakh, et demand\u00e9 une assistance ext\u00e9rieure urgente pour faire face \u00e0 cette catastrophe.<\/p>\n\n\n\n<p><em>\u00ab\u00a0Malheureusement, la vie de sept patients n&rsquo;a pu \u00eatre sauv\u00e9e, ils sont morts \u00e0 l&rsquo;h\u00f4pital. Des dizaines de patients sont toujours dans un \u00e9tat critique. Treize corps non-identifi\u00e9s ont \u00e9t\u00e9 transf\u00e9r\u00e9s au bureau d&rsquo;expertise m\u00e9dico-l\u00e9gale\u00a0\u00bb<\/em>, ont indiqu\u00e9 les autorit\u00e9s s\u00e9paratistes dans un communiqu\u00e9.<\/p>\n\n\n\n<p>Des milliers d&rsquo;habitants du Haut-Karabakh se sont d\u00e9j\u00e0 r\u00e9fugi\u00e9s en Arm\u00e9nie, malgr\u00e9 la promesse de l&rsquo;Azerba\u00efdjan, r\u00e9it\u00e9r\u00e9e lundi par son pr\u00e9sident, Ilham Aliev, que les droits des Arm\u00e9niens qui resteront dans cette enclave conquise par son arm\u00e9e seraient&nbsp;<em>\u00ab\u00a0garantis\u00a0\u00bb.<\/em><\/p>\n\n\n\n<p>Il s&rsquo;exprimait au c\u00f4t\u00e9 de son homologue turc Recep Tayyip Erdogan, acteur clef dans la r\u00e9gion, quelques jours seulement apr\u00e8s la victoire \u00e9clair des soldats azerba\u00efdjanais contre les troupes de la\u00a0<em>\u00ab\u00a0r\u00e9publique\u00a0\u00bb<\/em>\u00a0autoproclam\u00e9e du Haut-\u00a0Karabakh, une r\u00e9gion en majorit\u00e9 peupl\u00e9e d&rsquo;Arm\u00e9niens rattach\u00e9e en 1921 \u00e0 l&rsquo;Azerba\u00efdjan par le pouvoir sovi\u00e9tique.<\/p>\n\n\n\n<p>L&rsquo;Union europ\u00e9enne doit recevoir mardi \u00e0 Bruxelles de hauts repr\u00e9sentants de l&rsquo;Arm\u00e9nie et de l&rsquo;Azerba\u00efdjan, deux anciennes r\u00e9publiques sovi\u00e9tiques qui se sont affront\u00e9es militairement au Nagorny Karabakh de 1988 \u00e0 1994 (30.000 morts) et \u00e0 l&rsquo;automne 2020 (6.500 morts). Le bilan de l&rsquo;invasion-\u00e9clair de la semaine derni\u00e8re est de 200 morts, selon la partie arm\u00e9nienne.<\/p>\n\n\n\n<h2 class=\"wp-block-heading\">Rencontre \u00e0 Bruxelles<\/h2>\n\n\n\n<p>Simon Mordue, principal conseiller diplomatique du pr\u00e9sident du Conseil europ\u00e9en Charles Michel, pr\u00e9sidera cette rencontre \u00e0 Bruxelles. L&rsquo;Azerba\u00efdjan et l&rsquo;Arm\u00e9nie, ainsi que la France et l&rsquo;Allemagne, seront repr\u00e9sent\u00e9s par leurs conseillers nationaux \u00e0 la s\u00e9curit\u00e9. Le repr\u00e9sentant sp\u00e9cial de l&rsquo;UE pour le Caucase du Sud, le diplomate estonien Toivo Klaar, participera \u00e9galement.<\/p>\n\n\n\n<p>Le Premier ministre arm\u00e9nien Nikol Pachinian et le pr\u00e9sident azerba\u00efdjanais se rencontreront pour leur part le 5 octobre \u00e0 Grenade, en Espagne, avec la participation du pr\u00e9sident fran\u00e7ais Emmanuel Macron, du chancelier allemand Olaf Scholz et du pr\u00e9sident du Conseil europ\u00e9en Charles Michel, une rencontre pr\u00e9vue de longue date qui n&rsquo;a pas \u00e9t\u00e9 annul\u00e9e.<\/p>\n\n\n\n<figure class=\"wp-block-image\"><img decoding=\"async\" src=\"https:\/\/information.tv5monde.com\/sites\/tv5-info\/files\/styles\/entete\/public\/2023-09\/AP23268598527977.jpg?itok=pnjK9WhB\" alt=\"enfants arm\u00e9niens\" title=\"enfants arm\u00e9niens\"\/><\/figure>\n\n\n\n<p>Des enfants arm\u00e9niens du Haut-Karabakh&nbsp;\u00e0 leur arriv\u00e9e \u00e0 Goris, la ville de la r\u00e9gion de Syunik, en Arm\u00e9nie, le 25 septembre 2023. @Photo AP\/Vasily Krestyaninov.<\/p>\n\n\n\n<h2 class=\"wp-block-heading\">L&rsquo;afflux de r\u00e9fugi\u00e9s se poursuit&nbsp;<\/h2>\n\n\n\n<p>En attendant, l&rsquo;afflux sur le sol arm\u00e9nien de r\u00e9fugi\u00e9s du Nagorny Karabakh se poursuit, avec d&rsquo;immenses embouteillages sur l&rsquo;unique route reliant sa \u00ab\u00a0<em>capitale\u00a0\u00bb<\/em>&nbsp;Stepanakert \u00e0 l&rsquo;Arm\u00e9nie.<\/p>\n\n\n\n<p>L&rsquo;Azerba\u00efdjan s&rsquo;est engag\u00e9 \u00e0 permettre aux rebelles qui rendraient leurs armes d&rsquo;aller en Arm\u00e9nie.<\/p>\n\n\n\n<p>Beaucoup craignent que les Arm\u00e9niens ne fuient massivement le Haut-Karabakh, au moment o\u00f9 les forces azerba\u00efdjanaises resserrent leur emprise.<\/p>\n\n\n\n<p><br>Car outre l&rsquo;angoisse qui r\u00e8gne parmi les quelque 120.000 habitants de la r\u00e9gion, la situation humanitaire y demeure tr\u00e8s tendue.<\/p>\n\n\n\n<p>Devant le th\u00e9\u00e2tre de Goris, dans la r\u00e9gion arm\u00e9nienne de Syunik, des minibus blancs arrivent sans cesse. D&rsquo;autres repartent, leurs coffres charg\u00e9s de bagages, en direction d&rsquo;Erevan et des grandes villes du pays.<\/p>\n\n\n\n<p>L&rsquo;afflux dans cette ville d&rsquo;une vingtaine de milliers d&rsquo;habitants, premi\u00e8re \u00e9tape pour les r\u00e9fugi\u00e9s du Haut-Karabakh, a commenc\u00e9 dans la soir\u00e9e de dimanche. Pass\u00e9 le poste de Kornidzor, tout de suite apr\u00e8s la fronti\u00e8re, ceux qui n&rsquo;ont&nbsp;<em>\u00ab\u00a0nulle part o\u00f9 aller\u00a0\u00bb<\/em>, comme Valentina Asrian, sont amen\u00e9s l\u00e0.<\/p>\n\n\n\n<p><em>\u00ab\u00a0Qui aurait pu croire que les Turcs (nom donn\u00e9 commun\u00e9ment aux Azerba\u00efdjanais dans la r\u00e9gion) entreraient dans ce village arm\u00e9nien historique\u00a0\u00bb,<\/em>&nbsp;se lamente Valentina, dont le beau-fr\u00e8re a \u00e9t\u00e9 tu\u00e9 dans les bombardements de la semaine derni\u00e8re et qui tient son petit-fils emmaillot\u00e9 contre son corps.<\/p>\n\n\n\n<p>La semaine derni\u00e8re, Nikol Pachinian a annonc\u00e9 que son pays de 2,9 millions d&rsquo;habitants se pr\u00e9parait \u00e0 accueillir 40.000 r\u00e9fugi\u00e9s.<\/p>\n\n\n\n<p>La Russie, qui voit le Caucase comme son pr\u00e9 carr\u00e9 et avait d\u00e9ploy\u00e9 il y a trois ans une force de maintien de la paix dans ce territoire apr\u00e8s une br\u00e8ve offensive de l&rsquo;Azerba\u00efdjan, a de son c\u00f4t\u00e9 fermement rejet\u00e9 lundi les critiques \u00e9mises par M. Pachinian qui a accus\u00e9 la Russie d&rsquo;avoir abandonn\u00e9 son alli\u00e9.<\/p>\n","protected":false},"excerpt":{"rendered":"<p>Plus de 13.000 personnes venant du Haut-Karabakh ont fui en Arm\u00e9nie, a indiqu\u00e9 mardi Erevan,&nbsp;pr\u00e8s d&rsquo;une semaine apr\u00e8s le lancement<\/p>\n","protected":false},"author":1,"featured_media":22242,"comment_status":"open","ping_status":"open","sticky":false,"template":"","format":"standard","meta":{"footnotes":""},"categories":[51],"tags":[],"class_list":["post-22302","post","type-post","status-publish","format-standard","has-post-thumbnail","hentry","category-general"],"_links":{"self":[{"href":"https:\/\/dekkbi.com\/index.php?rest_route=\/wp\/v2\/posts\/22302","targetHints":{"allow":["GET"]}}],"collection":[{"href":"https:\/\/dekkbi.com\/index.php?rest_route=\/wp\/v2\/posts"}],"about":[{"href":"https:\/\/dekkbi.com\/index.php?rest_route=\/wp\/v2\/types\/post"}],"author":[{"embeddable":true,"href":"https:\/\/dekkbi.com\/index.php?rest_route=\/wp\/v2\/users\/1"}],"replies":[{"embeddable":true,"href":"https:\/\/dekkbi.com\/index.php?rest_route=%2Fwp%2Fv2%2Fcomments&post=22302"}],"version-history":[{"count":3,"href":"https:\/\/dekkbi.com\/index.php?rest_route=\/wp\/v2\/posts\/22302\/revisions"}],"predecessor-version":[{"id":22306,"href":"https:\/\/dekkbi.com\/index.php?rest_route=\/wp\/v2\/posts\/22302\/revisions\/22306"}],"wp:featuredmedia":[{"embeddable":true,"href":"https:\/\/dekkbi.com\/index.php?rest_route=\/wp\/v2\/media\/22242"}],"wp:attachment":[{"href":"https:\/\/dekkbi.com\/index.php?rest_route=%2Fwp%2Fv2%2Fmedia&parent=22302"}],"wp:term":[{"taxonomy":"category","embeddable":true,"href":"https:\/\/dekkbi.com\/index.php?rest_route=%2Fwp%2Fv2%2Fcategories&post=22302"},{"taxonomy":"post_tag","embeddable":true,"href":"https:\/\/dekkbi.com\/index.php?rest_route=%2Fwp%2Fv2%2Ftags&post=22302"}],"curies":[{"name":"wp","href":"https:\/\/api.w.org\/{rel}","templated":true}]}}