{"id":22300,"date":"2023-09-26T12:44:36","date_gmt":"2023-09-26T12:44:36","guid":{"rendered":"https:\/\/dekkbi.com\/?p=22300"},"modified":"2023-09-26T15:01:38","modified_gmt":"2023-09-26T15:01:38","slug":"migrants-front-uni-entre-paris-et-rome-qui-plaident-pour-une-cooperation-europeenne-renforcee","status":"publish","type":"post","link":"https:\/\/dekkbi.com\/?p=22300","title":{"rendered":"Pour une \u00abcoop\u00e9ration europ\u00e9enne renforc\u00e9e\u00bb"},"content":{"rendered":"\n<p>Une dizaine de milliers de migrants sont arriv\u00e9s sur l&rsquo;\u00eele italienne de Lampedusa en M\u00e9diterran\u00e9e depuis la mi-septembre. La question de l\u2019afflux de personnes arrivant clandestinement en Europe a \u00e9t\u00e9 \u00e9voqu\u00e9e par le chef de la diplomatie italienne, en visite ce lundi 25 septembre \u00e0 Paris, avec son homologue fran\u00e7aise. Alors que les relations \u00e9taient plut\u00f4t tendues entre Paris et Rome ces derniers mois, les deux ministres ont affich\u00e9 cette fois-ci une bonne entente.<\/p>\n\n\n\n<p>En juin dernier, Antonio Tajani avait annul\u00e9 \u00e0 la derni\u00e8re minute une visite \u00e0&nbsp;<strong>Paris<\/strong>&nbsp;apr\u00e8s des critiques formul\u00e9es par le ministre fran\u00e7ais de l&rsquo;Int\u00e9rieur sur la gestion de l&rsquo;immigration par&nbsp;<strong>Rome<\/strong>. Ce lundi, le chef de la diplomatie italienne \u00e9tait bien l\u00e0. Et alors que le nombre d&rsquo;arriv\u00e9es clandestines en Italie a quasiment doubl\u00e9 cette ann\u00e9e, la ministre fran\u00e7aise des Affaires \u00e9trang\u00e8res, Catherine Colonna, lui a apport\u00e9 son soutien&nbsp;: \u00ab&nbsp;<em>Nous sommes pleinement solidaires de l&rsquo;Italie face \u00e0 l&rsquo;afflux de migrants. La solution passera tr\u00e8s largement par une coop\u00e9ration europ\u00e9enne renforc\u00e9e et nous avons pour objectif d&rsquo;avoir une plus grande coop\u00e9ration de la part des pays d&rsquo;origine, de la part des pays de transit, qui doivent prendre des engagements qu&rsquo;ils doivent tenir avec notre aide.&nbsp;<\/em>\u00bb<\/p>\n\n\n\n<p>Un soutien d\u00e9j\u00e0 exprim\u00e9 ces derniers jours par le pr\u00e9sident fran\u00e7ais, Emmanuel Macron, qui avait insist\u00e9 sur le \u00ab<em>&nbsp;devoir de solidarit\u00e9 europ\u00e9enne<\/em>&nbsp;\u00bb envers Rome, confront\u00e9e \u00e0 des arriv\u00e9es massives de migrants. Et Antonio Tajani a marqu\u00e9 son appr\u00e9ciation de la position fran\u00e7aise : \u00ab&nbsp;<em>Les flux migratoires repr\u00e9sentent un probl\u00e8me pr\u00e9occupant. Le souhait de travailler ensemble relanc\u00e9 par le Pr\u00e9sident Macron rejoint notre volont\u00e9. L&rsquo;Italie est pr\u00eate \u00e0 collaborer sur la grande question migratoire\u202f; cela ne peut certainement pas \u00eatre juste un probl\u00e8me italien, ni un probl\u00e8me fran\u00e7ais, ni un probl\u00e8me pour un seul \u00c9tat.<\/em>&nbsp;\u00bb<\/p>\n\n\n\n<h2 class=\"wp-block-heading\">Trouver une entente europ\u00e9enne<\/h2>\n\n\n\n<p>Antonio Tajani s&rsquo;est \u00e9galement f\u00e9licit\u00e9 pour l&rsquo;accord conclu par l&rsquo;UE pour soutenir la&nbsp;Tunisie, pays pourtant tr\u00e8s critiqu\u00e9 pour sa fa\u00e7on de traiter les migrants. \u00ab&nbsp;<em>Il ne s&rsquo;agit pas de combattre les migrants, il s&rsquo;agit de lutter contre les criminels qui exploitent le d\u00e9sespoir de ces personnes&nbsp;<\/em>\u00bb, a-t-il d\u00e9clar\u00e9.<\/p>\n\n\n\n<p>Mais si la r\u00e9conciliation entre Paris et Rome est scell\u00e9e, il faut encore travailler \u00e0 une concorde europ\u00e9enne. L&rsquo;Italie ne cache d&rsquo;ailleurs pas son agacement \u00e0 l&rsquo;\u00e9gard de l&rsquo;Allemagne.&nbsp;La cheffe du gouvernement italien a rendu public ce lundi une lettre envoy\u00e9e au chancelier allemand. Georgia Meloni critique le choix de Berlin de subventionner deux organisations non-gouvernementales venant en aide aux migrants. L&rsquo;une aide \u00e0 leur accueil en Italie, l&rsquo;autre porte secours aux embarcations en d\u00e9tresse en M\u00e9diterran\u00e9e.<\/p>\n\n\n\n<p>Le nombre des arrivants en Italie sur des bateaux en provenance d&rsquo;Afrique du Nord a augment\u00e9, avec plus de 130 000 migrants enregistr\u00e9s jusqu&rsquo;\u00e0 pr\u00e9sent cette ann\u00e9e, contre 70 000 pour la m\u00eame p\u00e9riode de 2022.<\/p>\n\n\n\n<p>(<em>Et avec<\/em>&nbsp;AFP)<\/p>\n","protected":false},"excerpt":{"rendered":"<p>Une dizaine de milliers de migrants sont arriv\u00e9s sur l&rsquo;\u00eele italienne de Lampedusa en M\u00e9diterran\u00e9e depuis la mi-septembre. La question<\/p>\n","protected":false},"author":1,"featured_media":19011,"comment_status":"open","ping_status":"open","sticky":false,"template":"","format":"standard","meta":{"footnotes":""},"categories":[26],"tags":[],"class_list":["post-22300","post","type-post","status-publish","format-standard","has-post-thumbnail","hentry","category-fait-divers"],"_links":{"self":[{"href":"https:\/\/dekkbi.com\/index.php?rest_route=\/wp\/v2\/posts\/22300","targetHints":{"allow":["GET"]}}],"collection":[{"href":"https:\/\/dekkbi.com\/index.php?rest_route=\/wp\/v2\/posts"}],"about":[{"href":"https:\/\/dekkbi.com\/index.php?rest_route=\/wp\/v2\/types\/post"}],"author":[{"embeddable":true,"href":"https:\/\/dekkbi.com\/index.php?rest_route=\/wp\/v2\/users\/1"}],"replies":[{"embeddable":true,"href":"https:\/\/dekkbi.com\/index.php?rest_route=%2Fwp%2Fv2%2Fcomments&post=22300"}],"version-history":[{"count":4,"href":"https:\/\/dekkbi.com\/index.php?rest_route=\/wp\/v2\/posts\/22300\/revisions"}],"predecessor-version":[{"id":22345,"href":"https:\/\/dekkbi.com\/index.php?rest_route=\/wp\/v2\/posts\/22300\/revisions\/22345"}],"wp:featuredmedia":[{"embeddable":true,"href":"https:\/\/dekkbi.com\/index.php?rest_route=\/wp\/v2\/media\/19011"}],"wp:attachment":[{"href":"https:\/\/dekkbi.com\/index.php?rest_route=%2Fwp%2Fv2%2Fmedia&parent=22300"}],"wp:term":[{"taxonomy":"category","embeddable":true,"href":"https:\/\/dekkbi.com\/index.php?rest_route=%2Fwp%2Fv2%2Fcategories&post=22300"},{"taxonomy":"post_tag","embeddable":true,"href":"https:\/\/dekkbi.com\/index.php?rest_route=%2Fwp%2Fv2%2Ftags&post=22300"}],"curies":[{"name":"wp","href":"https:\/\/api.w.org\/{rel}","templated":true}]}}