{"id":22297,"date":"2023-09-26T12:40:07","date_gmt":"2023-09-26T12:40:07","guid":{"rendered":"https:\/\/dekkbi.com\/?p=22297"},"modified":"2023-09-26T12:40:08","modified_gmt":"2023-09-26T12:40:08","slug":"commerce-international-les-messages-cles-de-lunion-europeenne-a-la-chine","status":"publish","type":"post","link":"https:\/\/dekkbi.com\/?p=22297","title":{"rendered":"Commerce international: les \u00abmessages cl\u00e9s\u00bb de l&rsquo;Union europ\u00e9enne \u00e0 la Chine"},"content":{"rendered":"\n<p>Fin de la visite du vice-pr\u00e9sident de l\u2019ex\u00e9cutif europ\u00e9en en Chine. Quatre jours pendant lesquels le commissaire europ\u00e9en au Commerce\u00a0Valdis Dombrovskis a fait des \u00ab<em>\u00a0messages cl\u00e9s\u00a0<\/em>\u00bb aux dirigeants chinois, alors que les contentieux entre l\u2019Europe et la Chine se sont multipli\u00e9s ces derniers mois.<\/p>\n\n\n\n<p>Le Letton Valdis Dombrovskis n\u2019est visiblement pas un adepte de la&nbsp;<em>punchline<\/em>, \u00e9crit notre correspondant \u00e0 P\u00e9kin,&nbsp;<strong>St\u00e9phane Lagarde<\/strong>. Son style, c\u2019est le d\u00e9roul\u00e9 des arguments sur un ton monocorde fa\u00e7on \u00ab<em>&nbsp;finisseur<\/em>&nbsp;\u00bb. Un ton affirm\u00e9 que le chef du commerce europ\u00e9en a pratiqu\u00e9 avec l\u2019ensemble des responsables qu&rsquo;il a rencontr\u00e9 dans une Chine dont les pratiques commerciales d\u00e9loyales contraignent l\u2019Union europ\u00e9enne \u00e0 r\u00e9agir. &nbsp;<\/p>\n\n\n\n<h2 class=\"wp-block-heading\">\u00ab&nbsp;<em>Pire d\u00e9ficit de l\u2019histoire de l\u2019humanit\u00e9<\/em>&nbsp;\u00bb&nbsp;<\/h2>\n\n\n\n<p>Car ce n\u2019est pas une question de changement de rh\u00e9torique, ce sont les faits et le contexte qui ont chang\u00e9, a expliqu\u00e9 le chef du commerce europ\u00e9en, notamment le d\u00e9ficit commercial qualifi\u00e9 de \u00ab&nbsp;<em>plus \u00e9lev\u00e9 de l\u2019histoire de l\u2019humanit\u00e9<\/em>&nbsp;\u00bb par l\u2019ambassadeur europ\u00e9en lorsqu&rsquo;il a pris son poste en Chine. Pour Valdis Dombrovskis, en conf\u00e9rence de presse, ce mardi matin \u00e0 P\u00e9kin, \u00ab&nbsp;<em>il est \u00e9vident que l\u2019augmentation dramatique du d\u00e9ficit commercial avec la Chine ces derni\u00e8res ann\u00e9es, ces 400 milliards d\u2019euros qui ont fait les gros titres, nous ont contraint \u00e0 regarder de plus pr\u00e8s ce qu\u2019il y avait derri\u00e8re cette augmentation rapide. Deuxi\u00e8me inqui\u00e9tude : la Chambre de commerce europ\u00e9enne en Chine a publi\u00e9 un sondage r\u00e9cemment dans lequel 2\/3 des entreprises europ\u00e9ennes affirment que les affaires sont devenues plus difficiles en Chine.&nbsp;<\/em>\u00bb&nbsp;&nbsp;&nbsp;&nbsp;<\/p>\n\n\n\n<h2 class=\"wp-block-heading\">Blues des entreprises europ\u00e9ennes en Chine&nbsp;<\/h2>\n\n\n\n<p>Comme l\u2019avait\u00a0<strong>fait<\/strong>\u00a0la vice-pr\u00e9sidente de la Commission europ\u00e9enne il y a tout juste une semaine, le vice-pr\u00e9sident de l\u2019ex\u00e9cutif europ\u00e9en a reparl\u00e9 des inqui\u00e9tudes concernant les amendement aux lois chinoises sur la cybers\u00e9curit\u00e9, le contre espionnage et le transferts des donn\u00e9es\u00a0: \u00ab\u00a0<em>Cela peut \u00eatre un sujet syst\u00e9mique, qui affecte toutes les entreprises actives \u00e0 l&rsquo;international, pas seulement les entreprises europ\u00e9ennes mais aussi les chinoises<\/em>\u00a0\u00bb. Et \u00ab\u00a0<em>il peut y avoir des cons\u00e9quences impr\u00e9vues<\/em>\u00a0\u00bb, a-t-il aussi dit.<\/p>\n\n\n\n<p>Pendant ces quatre jours, confie encore le responsable letton, tous mes interlocuteurs sont revenus sur l\u2019enqu\u00eate lanc\u00e9e sur le soutien de l\u2019\u00c9tat chinois aux constructeurs de v\u00e9hicules \u00e9lectriques qui inondent le march\u00e9 europ\u00e9en&nbsp;: \u00ab<em>&nbsp;Au cours des deux derni\u00e8res ann\u00e9es, la part des marques chinoises de v\u00e9hicules \u00e9lectriques sur le march\u00e9 europ\u00e9en est pass\u00e9e de moins de 1% \u00e0 8%. Une croissance exponentielle qui, si elle perdure, pourrait porter pr\u00e9judice \u00e0 l&rsquo;industrie europ\u00e9enne.<\/em>&nbsp;\u00bb&nbsp;&nbsp;<\/p>\n\n\n\n<p>Une enqu\u00eate qui a fait bondir les autorit\u00e9s ici alors que cette visite doit servir \u00e0 pr\u00e9parer le sommet Union europ\u00e9enne&nbsp;&#8211;&nbsp;Chine pr\u00e9vu fin 2023. Hier, encore le vice-pr\u00e9sident chinois He Lifeng qui a rencontr\u00e9 le chef du commerce europ\u00e9en pendant sa visite, a conseill\u00e9 \u00e0 l\u2019Union europ\u00e9enne \u00e0 faire preuve de prudence lorsqu\u2019elle utilise l\u2019arme commerciale. Il s\u2019agit d\u2019une enqu\u00eate sur des subventions \u00e0 la production et non sur les subventions \u00e0 l\u2019achat de v\u00e9hicules \u00e9lectriques qui, en Europe, valent pour tous les constructeurs, y compris chinois, a rappel\u00e9 Valdis Dombrovskis ce matin, suite \u00e0 une question de la t\u00e9l\u00e9vision centrale de Chine.<\/p>\n\n\n\n<p>(<em>Avec AFP<\/em>)&nbsp;<\/p>\n\n\n\n<p><\/p>\n","protected":false},"excerpt":{"rendered":"<p>Fin de la visite du vice-pr\u00e9sident de l\u2019ex\u00e9cutif europ\u00e9en en Chine. Quatre jours pendant lesquels le commissaire europ\u00e9en au Commerce\u00a0Valdis<\/p>\n","protected":false},"author":1,"featured_media":22298,"comment_status":"open","ping_status":"open","sticky":false,"template":"","format":"standard","meta":{"footnotes":""},"categories":[3],"tags":[],"class_list":["post-22297","post","type-post","status-publish","format-standard","has-post-thumbnail","hentry","category-event-more-news"],"_links":{"self":[{"href":"https:\/\/dekkbi.com\/index.php?rest_route=\/wp\/v2\/posts\/22297","targetHints":{"allow":["GET"]}}],"collection":[{"href":"https:\/\/dekkbi.com\/index.php?rest_route=\/wp\/v2\/posts"}],"about":[{"href":"https:\/\/dekkbi.com\/index.php?rest_route=\/wp\/v2\/types\/post"}],"author":[{"embeddable":true,"href":"https:\/\/dekkbi.com\/index.php?rest_route=\/wp\/v2\/users\/1"}],"replies":[{"embeddable":true,"href":"https:\/\/dekkbi.com\/index.php?rest_route=%2Fwp%2Fv2%2Fcomments&post=22297"}],"version-history":[{"count":1,"href":"https:\/\/dekkbi.com\/index.php?rest_route=\/wp\/v2\/posts\/22297\/revisions"}],"predecessor-version":[{"id":22299,"href":"https:\/\/dekkbi.com\/index.php?rest_route=\/wp\/v2\/posts\/22297\/revisions\/22299"}],"wp:featuredmedia":[{"embeddable":true,"href":"https:\/\/dekkbi.com\/index.php?rest_route=\/wp\/v2\/media\/22298"}],"wp:attachment":[{"href":"https:\/\/dekkbi.com\/index.php?rest_route=%2Fwp%2Fv2%2Fmedia&parent=22297"}],"wp:term":[{"taxonomy":"category","embeddable":true,"href":"https:\/\/dekkbi.com\/index.php?rest_route=%2Fwp%2Fv2%2Fcategories&post=22297"},{"taxonomy":"post_tag","embeddable":true,"href":"https:\/\/dekkbi.com\/index.php?rest_route=%2Fwp%2Fv2%2Ftags&post=22297"}],"curies":[{"name":"wp","href":"https:\/\/api.w.org\/{rel}","templated":true}]}}