{"id":22244,"date":"2023-09-25T12:56:31","date_gmt":"2023-09-25T12:56:31","guid":{"rendered":"https:\/\/dekkbi.com\/?p=22244"},"modified":"2023-09-25T12:56:31","modified_gmt":"2023-09-25T12:56:31","slug":"espagne-une-manifestation-rassemble-plus-de-40-000-personnes-en-soutien-au-chef-de-la-droite","status":"publish","type":"post","link":"https:\/\/dekkbi.com\/?p=22244","title":{"rendered":"Espagne: une manifestation rassemble plus de 40 000 personnes en soutien au chef de la droite"},"content":{"rendered":"\n<p>Une grande manifestation de la droite rassemblant au moins 40 000 personnes, a eu lieu ce dimanche 24 septembre dans les rues de Madrid pour condamner le rapprochement entre le chef du gouvernement socialiste Pedro Sanchez et les s\u00e9paratistes catalans. Aux yeux des leaders de la droite, il convient d\u2019emp\u00eacher la formation d\u2019un gouvernement de gauche appuy\u00e9 par les ind\u00e9pendantistes.<\/p>\n\n\n\n<p>Avec des drapeaux espagnols et le slogan \u00ab&nbsp;<em>Non \u00e0 l&rsquo;amnistie !<\/em>&nbsp;\u00bb, environ 40 000 personnes, selon les organisateurs et les autorit\u00e9s de Madrid, se sont rassembl\u00e9es \u00e0 deux jours du d\u00e9bat sur la candidature au poste de Premier ministre du chef du Parti populaire (PP), Alberto Nunez Feijoo, qui pour l&rsquo;heure ne dispose pas de la majorit\u00e9 &#8211; car il lui manque quatre voix \u00e0 la Chambre de d\u00e9put\u00e9s -.&nbsp;<\/p>\n\n\n\n<p>Alberto Nunez Feijoo, charg\u00e9 par le roi Felipe VI de former un gouvernement, aurait d\u00fb pour cela convaincre des partis r\u00e9gionalistes, faiseurs de rois dans un Parlement tr\u00e8s fragment\u00e9, mais ceux-ci refusent de lui accorder leur soutien en raison de son alliance avec le parti d&rsquo;extr\u00eame droite Vox. Pour leur soutien, les partis catalans exigent, entre autres revendications, l&rsquo;amnistie des ind\u00e9pendantistes poursuivis depuis la tentative de s\u00e9cession de la Catalogne en 2017.<\/p>\n\n\n\n<p>\u00ab<em>&nbsp;Les hommes politiques passeront, mais la libert\u00e9 et l\u2019\u00e9galit\u00e9 entre les Espagnols perdureront. J\u2019en fais mon serment.<\/em>&nbsp;\u00bb C\u2019est ce qu\u2019a affirm\u00e9 le chef de l\u2019opposition de droite, \u00e0 la t\u00eate de cette manifestation, lui qui refuse l\u2019amnistie des leaders s\u00e9paratistes catalans. \u00ab&nbsp;<em>M\u00eame si \u00e7a me co\u00fbte la pr\u00e9sidence du gouvernement, je vais d\u00e9fendre le fait que l&rsquo;Espagne est un ensemble de citoyens libres et \u00e9gaux, quoiqu&rsquo;il nous en co\u00fbte<\/em>&nbsp;\u00bb, a-t-il ajout\u00e9.<\/p>\n\n\n\n<h2 class=\"wp-block-heading\">Une concession du leader socialiste jug\u00e9e indigne par la droite&nbsp;<\/h2>\n\n\n\n<p>Derri\u00e8re Alberto Nunez Feijoo, c\u2019est toute la droite conservatrice, appuy\u00e9e par les anciens chefs de gouvernement, Mariano Rajoy et Jose Maria Aznar, qui veut emp\u00eacher \u00e0 tout prix le leader socialiste&nbsp;<a href=\"https:\/\/www.rfi.fr\/fr\/europe\/20230905-espagne-carles-puigdemont-r%C3%A9clame-l-amnistie-en-%C3%A9change-de-son-soutien-%C3%A0-pedro-sanchez\"><strong>Pedro Sanchez<\/strong><\/a>&nbsp;de c\u00e9der aux s\u00e9paratistes catalans sur ce point capital : le pardon \u00e0 toutes ces personnes condamn\u00e9s ou sur le point de l\u2019\u00eatre.<\/p>\n\n\n\n<p>C\u2019est en effet une monnaie d\u2019\u00e9change qui permettrait l\u2019investiture du leader socialiste et le renouvellement de son mandat, car pour cela, il a absolument besoin du soutien des s\u00e9paratistes catalans, rappelle notre correspondant \u00e0 Madrid,&nbsp;<strong>Fran\u00e7ois Musseau<\/strong>. D\u2019o\u00f9 la col\u00e8re de la droite qui estime que cette concession est inacceptable, et qu\u2019elle serait m\u00eame indigne.&nbsp;<\/p>\n\n\n\n<p><\/p>\n\n\n\n<p>(<em>Et avec<\/em>&nbsp;AFP)<\/p>\n","protected":false},"excerpt":{"rendered":"<p>Une grande manifestation de la droite rassemblant au moins 40 000 personnes, a eu lieu ce dimanche 24 septembre dans<\/p>\n","protected":false},"author":1,"featured_media":22245,"comment_status":"open","ping_status":"open","sticky":false,"template":"","format":"standard","meta":{"footnotes":""},"categories":[51],"tags":[],"class_list":["post-22244","post","type-post","status-publish","format-standard","has-post-thumbnail","hentry","category-general"],"_links":{"self":[{"href":"https:\/\/dekkbi.com\/index.php?rest_route=\/wp\/v2\/posts\/22244","targetHints":{"allow":["GET"]}}],"collection":[{"href":"https:\/\/dekkbi.com\/index.php?rest_route=\/wp\/v2\/posts"}],"about":[{"href":"https:\/\/dekkbi.com\/index.php?rest_route=\/wp\/v2\/types\/post"}],"author":[{"embeddable":true,"href":"https:\/\/dekkbi.com\/index.php?rest_route=\/wp\/v2\/users\/1"}],"replies":[{"embeddable":true,"href":"https:\/\/dekkbi.com\/index.php?rest_route=%2Fwp%2Fv2%2Fcomments&post=22244"}],"version-history":[{"count":1,"href":"https:\/\/dekkbi.com\/index.php?rest_route=\/wp\/v2\/posts\/22244\/revisions"}],"predecessor-version":[{"id":22246,"href":"https:\/\/dekkbi.com\/index.php?rest_route=\/wp\/v2\/posts\/22244\/revisions\/22246"}],"wp:featuredmedia":[{"embeddable":true,"href":"https:\/\/dekkbi.com\/index.php?rest_route=\/wp\/v2\/media\/22245"}],"wp:attachment":[{"href":"https:\/\/dekkbi.com\/index.php?rest_route=%2Fwp%2Fv2%2Fmedia&parent=22244"}],"wp:term":[{"taxonomy":"category","embeddable":true,"href":"https:\/\/dekkbi.com\/index.php?rest_route=%2Fwp%2Fv2%2Fcategories&post=22244"},{"taxonomy":"post_tag","embeddable":true,"href":"https:\/\/dekkbi.com\/index.php?rest_route=%2Fwp%2Fv2%2Ftags&post=22244"}],"curies":[{"name":"wp","href":"https:\/\/api.w.org\/{rel}","templated":true}]}}