{"id":22241,"date":"2023-09-25T12:53:09","date_gmt":"2023-09-25T12:53:09","guid":{"rendered":"https:\/\/dekkbi.com\/?p=22241"},"modified":"2023-09-25T12:53:10","modified_gmt":"2023-09-25T12:53:10","slug":"larmenie-accueille-un-nouveau-flot-de-refugies-du-haut-karabakh","status":"publish","type":"post","link":"https:\/\/dekkbi.com\/?p=22241","title":{"rendered":"L&rsquo;Arm\u00e9nie accueille un nouveau flot de r\u00e9fugi\u00e9s du Haut-Karabakh"},"content":{"rendered":"\n<p>Pr\u00e8s de 5.000 r\u00e9fugi\u00e9s du Haut-Karabakh sont jusqu&rsquo;\u00e0 pr\u00e9sent arriv\u00e9s en Arm\u00e9nie, tandis que le chef de l&rsquo;Etat turc Recep Tayyip Erdogan, dont le pays joue un r\u00f4le majeur dans cette partie du Caucase, est arriv\u00e9 lundi en Azerba\u00efdjan pour y rencontrer son pr\u00e9sident Ilham Aliev.<\/p>\n\n\n\n<p><em>\u00ab\u00a0Le 25 septembre \u00e0 6 heures du matin, 2.906 personnes d\u00e9plac\u00e9es de force sont entr\u00e9es en Arm\u00e9nie \u00e0 partir du Haut-Karabakh\u00a0\u00bb<\/em>, a annonc\u00e9 le gouvernement arm\u00e9nien dans un communiqu\u00e9, soulignant que,&nbsp;<em>\u00ab\u00a0tout au long de la nuit, le flux des personnes d\u00e9plac\u00e9es de force s&rsquo;est poursuivi\u00a0\u00bb.<\/em><\/p>\n\n\n\n<p>Les premi\u00e8res arriv\u00e9es d&rsquo;habitants de ce territoire en majorit\u00e9 peupl\u00e9 d&rsquo;Arm\u00e9niens, int\u00e9gr\u00e9 en 1921 par le pouvoir sovi\u00e9tique \u00e0 l&rsquo;Azerba\u00efdjan, avaient eu lieu dimanche au poste-fronti\u00e8re arm\u00e9nien de Kornidzor apr\u00e8s l&rsquo;offensive victorieuse la semaine derni\u00e8re de l&rsquo;arm\u00e9e azerba\u00efdjanaise contre les forces s\u00e9paratistes.<\/p>\n\n\n\n<figure class=\"wp-block-image\"><img decoding=\"async\" src=\"https:\/\/information.tv5monde.com\/sites\/tv5-info\/files\/styles\/entete\/public\/2023-09\/AP23268334679510.jpg?itok=CVyDGeZS\" alt=\"arriv\u00e9e arm\u00e9niens\" title=\"arriv\u00e9e arm\u00e9niens\"\/><\/figure>\n\n\n\n<p>Des Arm\u00e9niens du Haut-Karabakh arrivent \u00e0 Goris, en Arm\u00e9nie, la ville de la r\u00e9gion de Syunik, en Arm\u00e9nie, le 25 septembre 2023. @Photo AP\/Vasily Krestyaninov.<\/p>\n\n\n\n<h2 class=\"wp-block-heading\">Rencontre entre Erdogan et Aliev<\/h2>\n\n\n\n<p>Le pr\u00e9sident turc Recep Tayyip Erdogan est arriv\u00e9 lundi dans l&rsquo;enclave azerba\u00efdjanaise du Nakhitchevan, situ\u00e9e entre l&rsquo;Arm\u00e9nie et l&rsquo;Iran et frontali\u00e8re de la Turquie, pour y rencontrer son homologue Ilham Aliev, selon les images de la pr\u00e9sidence retransmises en direct \u00e0 la t\u00e9l\u00e9vision turque.<\/p>\n\n\n\n<p>Quelques jours apr\u00e8s la prise de contr\u00f4le militaire du Haut-Karabakh par l&rsquo;Azerba\u00efdjan, cette rencontre doit officiellement lancer la construction d&rsquo;un gazoduc, mais les deux pr\u00e9sidents doivent aussi discuter du Haut-Karabakh et de l&rsquo;ouverture du corridor arm\u00e9nien de Zangezur aux Az\u00e9ris, selon les m\u00e9dias turcs.<\/p>\n\n\n\n<p>Les deux dirigeants ont pr\u00e9vu d&rsquo;organiser une c\u00e9r\u00e9monie de pose de la premi\u00e8re pierre du nouveau gazoduc et d&rsquo;inaugurer un complexe militaire azerba\u00efdjanais sur cette enclave nich\u00e9e entre l&rsquo;Arm\u00e9nie et l&rsquo;Iran, et rattach\u00e9e \u00e0 l&rsquo;Azerba\u00efdjan depuis 1923 mais sans continuit\u00e9 territoriale avec Bakou.<\/p>\n\n\n\n<p>Cette d\u00e9monstration de force turque contraste avec le retrait apparent de la Russie de la r\u00e9gion, pendant que certains experts estiment que pour le pr\u00e9sident Aliev, annexer le corridor arm\u00e9nien de Zangezour, le long de la fronti\u00e8re avec l&rsquo;Iran, permettrait d&rsquo;\u00e9tablir la continuit\u00e9 jusqu&rsquo;au Nakhitchevan, et, au-del\u00e0, avec la Turquie.<\/p>\n\n\n\n<p>Confront\u00e9 \u00e0 des manifestations depuis mardi, le Premier ministre arm\u00e9nien Nikol Pachinian a lanc\u00e9 un reproche implicite \u00e0 la Russie pour son manque de soutien apr\u00e8s la victoire de l&rsquo;arm\u00e9e azerba\u00efdjanaise contre les s\u00e9paratistes du Haut-Karabakh.<\/p>\n\n\n\n<p><em>\u00ab\u00a0Les syst\u00e8mes de s\u00e9curit\u00e9 ext\u00e9rieure dans lesquels l&rsquo;Arm\u00e9nie est impliqu\u00e9e se sont r\u00e9v\u00e9l\u00e9s inefficaces pour prot\u00e9ger sa s\u00e9curit\u00e9 et ses int\u00e9r\u00eats\u00a0\u00bb<\/em>, a-t-il d\u00e9clar\u00e9 \u00e0 la t\u00e9l\u00e9vision, dans une allusion voil\u00e9e \u00e0 ses relations de longue date avec Moscou h\u00e9rit\u00e9es de l&rsquo;\u00e9poque o\u00f9 l&rsquo;Arm\u00e9nie faisait partie de l&rsquo;URSS.<\/p>\n\n\n\n<figure class=\"wp-block-image\"><img decoding=\"async\" src=\"https:\/\/information.tv5monde.com\/sites\/tv5-info\/files\/styles\/entete\/public\/2023-09\/AP23160611832773.jpg?itok=de0cGUOx\" alt=\"Poutine et Pachinian\" title=\"Poutine et Pachinian\"\/><\/figure>\n\n\n\n<p>Le pr\u00e9sident russe Vladimir Poutine et le Premier ministre arm\u00e9nien Nikol Pachinian se serrent la main lors de leur rencontre dans la ville baln\u00e9aire de Sotchi, en Russie, le 9 juin 2023. @Ramil Sitdikov, Spoutnik, Kremlin Photo via AP.<\/p>\n\n\n\n<h2 class=\"wp-block-heading\">\u00ab\u00a0Int\u00e9grit\u00e9 territoriale\u00a0\u00bb&nbsp;<\/h2>\n\n\n\n<p>Malgr\u00e9 ce contexte de crise, la r\u00e9union pr\u00e9vue de longue date en Espagne entre Ilham&nbsp;Aliev et Nikol Pachinian aura bien lieu le 5 octobre, ont annonc\u00e9 les autorit\u00e9s arm\u00e9niennes. Seront aussi pr\u00e9sents le pr\u00e9sident fran\u00e7ais Emmanuel Macron, le chancelier allemand Olaf Scholz et le pr\u00e9sident du Conseil europ\u00e9en Charles Michel.<\/p>\n\n\n\n<figure class=\"wp-block-image\"><img decoding=\"async\" src=\"https:\/\/information.tv5monde.com\/sites\/tv5-info\/files\/styles\/entete\/public\/2023-09\/Capture%20d%E2%80%99%C3%A9cran%202023-09-24%20223041.png?itok=0lCiAVpO\" alt=\"Le pr\u00e9sident Emmanuel Macron interview\u00e9 sur France 2 ce 24 septembre 2023.\u00a0\" title=\"Le pr\u00e9sident Emmanuel Macron interview\u00e9 sur France 2 ce 24 septembre 2023.\u00a0\"\/><\/figure>\n\n\n\n<p>Le pr\u00e9sident fran\u00e7ais Emmanuel Macron interview\u00e9 sur France 2 le 24 septembre 2023. (Capture d&rsquo;\u00e9cran).<\/p>\n\n\n\n<p>\u00a9 France 2 via AP Video<\/p>\n\n\n\n<p><em>La France est tr\u00e8s vigilante \u00e0 l&rsquo;int\u00e9grit\u00e9 territoriale de l&rsquo;Arm\u00e9nie car c&rsquo;est \u00e7a qui se joue\u00a0\u00bb<\/em>, dans une intervention t\u00e9l\u00e9vis\u00e9e dimanche soir.<\/p>\n\n\n\n<figure class=\"wp-block-image\"><img decoding=\"async\" src=\"https:\/\/information.tv5monde.com\/sites\/tv5-info\/files\/styles\/entete\/public\/2023-09\/AP23267659060380.jpg?itok=35bVwf4d\" alt=\"r\u00e9fugi\u00e9s arm\u00e9niens\" title=\"r\u00e9fugi\u00e9s arm\u00e9niens\"\/><\/figure>\n\n\n\n<p>R\u00e9gion de Syunik, en Arm\u00e9nie, le&nbsp;24 septembre 2023. Les premiers r\u00e9fugi\u00e9s du Haut-Karabakh sont arriv\u00e9s en Arm\u00e9nie. @Photo AP\/Vasily Krestyaninov.<\/p>\n\n\n\n<p>Dimanche, des centaines de r\u00e9fugi\u00e9s fuyant le Haut-Karabakh sont entr\u00e9s en Arm\u00e9nie, depuis le centre d&rsquo;accueil mis en place \u00e0 Kornidzor.<\/p>\n\n\n\n<p>Selon le gouvernement arm\u00e9nien, au total dimanche soir, ce sont 377&nbsp;<em>\u00ab\u00a0personnes oblig\u00e9s \u00e0 partir\u00a0\u00bb&nbsp;<\/em>qui sont pass\u00e9es c\u00f4t\u00e9 arm\u00e9nien. Selon le dernier d\u00e9compte du minist\u00e8re russe de la D\u00e9fense, 311 civils, dont 102 enfants, ont \u00e9t\u00e9 escort\u00e9s par la force de maintien de la paix russe c\u00f4t\u00e9 arm\u00e9nien.<\/p>\n\n\n\n<p>Les autorit\u00e9s du Haut-Karabakh ont annonc\u00e9 dimanche que les civils laiss\u00e9s sans logement en raison des derni\u00e8res violences seraient transf\u00e9r\u00e9s en Arm\u00e9nie avec l&rsquo;aide des soldats de maintien de la paix russes, pr\u00e9sents sur place depuis la pr\u00e9c\u00e9dente guerre, en 2020.<\/p>\n\n\n\n<p>L&rsquo;Azerba\u00efdjan s&rsquo;est engag\u00e9 \u00e0 permettre aux rebelles qui rendraient leurs armes d&rsquo;aller en Arm\u00e9nie.<\/p>\n\n\n\n<p>C&rsquo;est par le m\u00eame poste-fronti\u00e8re de Kornidzor que 23 ambulances transportant des&nbsp;<em>\u00ab\u00a0citoyens gri\u00e8vement bless\u00e9s\u00a0\u00bb&nbsp;<\/em>doivent passer, a pr\u00e9cis\u00e9 le minist\u00e8re arm\u00e9nien de la Sant\u00e9.<\/p>\n\n\n\n<h2 class=\"wp-block-heading\">Ni \u00e9lectricit\u00e9, ni carburant&nbsp;<\/h2>\n\n\n\n<p>Un homme interrog\u00e9 par l&rsquo;AFP \u00e0 Kornidzor a d\u00e9clar\u00e9 avoir fait partie de la&nbsp;<em>\u00ab\u00a0r\u00e9sistance\u00a0\u00bb<\/em>&nbsp;jusqu&rsquo;\u00e0 ce que l&rsquo;assaut donn\u00e9 par l&rsquo;Azerba\u00efdjan oblige les rebelles mercredi \u00e0 capituler.<br><em>\u00ab\u00a0Nos familles \u00e9taient dans les abris. On \u00e9tait dans l&rsquo;arm\u00e9e mais hier on a d\u00fb d\u00e9poser nos fusils. Alors on est partis\u00a0\u00bb<\/em>, a dit ce villageois d&rsquo;une trentaine d&rsquo;ann\u00e9es qui attendait avec d&rsquo;autres de se faire enregistrer dans le centre d&rsquo;accueil.<\/p>\n\n\n\n<p>Beaucoup craignent que la population locale ne fuie massivement, au moment o\u00f9 les forces azerba\u00efdjanaises resserrent leur emprise.<\/p>\n\n\n\n<p>Car outre l&rsquo;angoisse qui r\u00e8gne parmi les quelque 120.000 habitants du Haut-Karabakh, la situation humanitaire y demeure tr\u00e8s tendue.<\/p>\n\n\n\n<figure class=\"wp-block-image\"><img decoding=\"async\" src=\"https:\/\/information.tv5monde.com\/sites\/tv5-info\/files\/styles\/entete\/public\/2023-09\/AP23262554323097%20%281%29.jpg?itok=_b_MAVAX\" alt=\"Haut Karabakh\" title=\"Haut Karabakh\"\/><\/figure>\n\n\n\n<p>Un immeuble endommag\u00e9 suite \u00e0 un bombardement \u00e0 Stepanakert, dans le Haut-Karabakh. @Photo AP\/Siranush Sargsyan.<\/p>\n\n\n\n<p>Encercl\u00e9e par les troupes azerba\u00efdjanaises, sa<em>&nbsp;\u00ab\u00a0capitale\u00a0\u00bb,<\/em>&nbsp;Stepanakert, est priv\u00e9e d&rsquo;\u00e9lectricit\u00e9 et de carburant et sa population manque de nourriture et de m\u00e9dicaments, selon un correspondant de l&rsquo;AFP.<\/p>\n\n\n\n<p>Samedi, un premier convoi d&rsquo;aide du Comit\u00e9 international de la Croix-Rouge (CICR) est n\u00e9anmoins entr\u00e9 au Haut-Karabakh, tandis que, de la tribune de l&rsquo;ONU \u00e0 New York, l&rsquo;Arm\u00e9nie r\u00e9clamait l&rsquo;envoi&nbsp;<em>\u00ab\u00a0imm\u00e9diat\u00a0\u00bb&nbsp;<\/em>d&rsquo;une mission des Nations unies, r\u00e9it\u00e9rant ses accusations de&nbsp;<em>\u00ab\u00a0nettoyage ethnique\u00a0\u00bb.<\/em><\/p>\n\n\n\n<p>Illustration, c\u00f4t\u00e9 azerba\u00efdjanais, des traces profondes laiss\u00e9es par l&rsquo;histoire tourment\u00e9e de cette r\u00e9gion, dans la bourgade de Beylagan, tout pr\u00e8s du Haut-\u00a0Karabakh, une galerie de dizaines de portraits de personnes tu\u00e9es il y a trois ans ou pendant le premier conflit, flanqu\u00e9s de drapeaux azerba\u00efdjanais, bordent l&rsquo;art\u00e8re principale.<br>\u00a0<\/p>\n\n\n\n<p><\/p>\n","protected":false},"excerpt":{"rendered":"<p>Pr\u00e8s de 5.000 r\u00e9fugi\u00e9s du Haut-Karabakh sont jusqu&rsquo;\u00e0 pr\u00e9sent arriv\u00e9s en Arm\u00e9nie, tandis que le chef de l&rsquo;Etat turc Recep<\/p>\n","protected":false},"author":1,"featured_media":22242,"comment_status":"open","ping_status":"open","sticky":false,"template":"","format":"standard","meta":{"footnotes":""},"categories":[51],"tags":[],"class_list":["post-22241","post","type-post","status-publish","format-standard","has-post-thumbnail","hentry","category-general"],"_links":{"self":[{"href":"https:\/\/dekkbi.com\/index.php?rest_route=\/wp\/v2\/posts\/22241","targetHints":{"allow":["GET"]}}],"collection":[{"href":"https:\/\/dekkbi.com\/index.php?rest_route=\/wp\/v2\/posts"}],"about":[{"href":"https:\/\/dekkbi.com\/index.php?rest_route=\/wp\/v2\/types\/post"}],"author":[{"embeddable":true,"href":"https:\/\/dekkbi.com\/index.php?rest_route=\/wp\/v2\/users\/1"}],"replies":[{"embeddable":true,"href":"https:\/\/dekkbi.com\/index.php?rest_route=%2Fwp%2Fv2%2Fcomments&post=22241"}],"version-history":[{"count":1,"href":"https:\/\/dekkbi.com\/index.php?rest_route=\/wp\/v2\/posts\/22241\/revisions"}],"predecessor-version":[{"id":22243,"href":"https:\/\/dekkbi.com\/index.php?rest_route=\/wp\/v2\/posts\/22241\/revisions\/22243"}],"wp:featuredmedia":[{"embeddable":true,"href":"https:\/\/dekkbi.com\/index.php?rest_route=\/wp\/v2\/media\/22242"}],"wp:attachment":[{"href":"https:\/\/dekkbi.com\/index.php?rest_route=%2Fwp%2Fv2%2Fmedia&parent=22241"}],"wp:term":[{"taxonomy":"category","embeddable":true,"href":"https:\/\/dekkbi.com\/index.php?rest_route=%2Fwp%2Fv2%2Fcategories&post=22241"},{"taxonomy":"post_tag","embeddable":true,"href":"https:\/\/dekkbi.com\/index.php?rest_route=%2Fwp%2Fv2%2Ftags&post=22241"}],"curies":[{"name":"wp","href":"https:\/\/api.w.org\/{rel}","templated":true}]}}