{"id":22223,"date":"2023-09-25T12:20:14","date_gmt":"2023-09-25T12:20:14","guid":{"rendered":"https:\/\/dekkbi.com\/?p=22223"},"modified":"2023-09-25T12:29:03","modified_gmt":"2023-09-25T12:29:03","slug":"droits-tv-canal-ne-participera-pas-a-lappel-doffres-de-la-ligue-1","status":"publish","type":"post","link":"https:\/\/dekkbi.com\/?p=22223","title":{"rendered":"Ligue 1: Canal+ ne participera pas \u00e0 l\u2019appel d\u2019offres"},"content":{"rendered":"\n<p><strong>(l\u2019\u00e9quipe.fr)-&nbsp; Pour la premi\u00e8re fois de son histoire, Canal+ ne candidatera pas \u00e0 l\u2019acquisition des droits de la Ligue 1 lors de l\u2019appel d\u2019offres du 17 octobre prochain, organis\u00e9 pour la p\u00e9riode 2024-2029. La cha\u00eene crypt\u00e9e l\u2019a indiqu\u00e9 ce lundi matin par courrier \u00e0 la LFP.<\/strong><\/p>\n\n\n\n<p>Coup de tonnerre ! Selon nos informations, Canal+ a adress\u00e9 ce lundi matin un courrier \u00e0 la Ligue de football professionnel (LFP) afin de l\u2019informer de sa non-participation \u00e0 l\u2019appel d\u2019offres des droits de diffusion de la Ligue 1, organis\u00e9 le 17 octobre prochain. Pour la premi\u00e8re fois depuis sa cr\u00e9ation en 1984, Canal+, partenaire historique du Championnat de France, ne tentera pas d\u2019obtenir ses droits t\u00e9l\u00e9.<\/p>\n\n\n\n<p>En juin&nbsp;2021, le groupe Canal+ avait inform\u00e9 par communiqu\u00e9 vouloir&nbsp;<em>\u00ab&nbsp;se retirer de la Ligue&nbsp;1&nbsp;\u00bb<\/em>. Son pr\u00e9sident, Maxime Saada, s\u2019\u00e9tait alors estim\u00e9 flou\u00e9 par le deal qui venait de se conclure entre la LFP et Amazon pour r\u00e9cup\u00e9rer 80&nbsp;% des droits de la L1 (ceux abandonn\u00e9s par Mediapro, dont les 10 meilleures affiches de la saison), pour 250&nbsp;millions d\u2019euros par saison. Dans le m\u00eame temps, la cha\u00eene crypt\u00e9e devait continuer le r\u00e8glement de 332&nbsp;M\u20ac par saison pour deux matches par journ\u00e9e, correspondant au lot sous-licenci\u00e9 par beIN Sports, obtenu lors de l\u2019appel d\u2019offres de mai&nbsp;2018. La justice avait en effet oblig\u00e9 Canal+ \u00e0 respecter le contrat initial et donc \u00e0 verser les indemnit\u00e9s et \u00e0 diffuser les rencontres.<\/p>\n\n\n\n<h3 class=\"wp-block-heading\">Canal&nbsp;+ d\u00e9nonce l\u2019attitude de la LFP<\/h3>\n\n\n\n<p>Depuis, Canal+ se dit d\u00e9consid\u00e9r\u00e9 par rapport \u00e0 Amazon, et le r\u00e9p\u00e8te dans le courrier adress\u00e9 ce jour \u00e0 la LFP. Son pr\u00e9sident Maxime Saada avance m\u00eame l\u2019id\u00e9e que la Ligue aurait d\u00e9j\u00e0 fait de la plateforme am\u00e9ricaine son partenaire pour les ann\u00e9es \u00e0 venir, notamment en affichant des prix de r\u00e9serve si \u00e9lev\u00e9s (530&nbsp;millions d\u2019euros pour le lot premium, 270&nbsp;millions d\u2019euros pour les autres matches) pour les ench\u00e8res. Selon lui, soit une fa\u00e7on d\u2019\u00e9liminer des candidats potentiels (notamment en ne pr\u00e9cisant pas la nature des garanties demand\u00e9es), soit l\u2019id\u00e9e d\u2019aller vers une infructuosit\u00e9 afin de n\u00e9gocier de gr\u00e9 \u00e0 gr\u00e9 avec son partenaire am\u00e9ricain.<\/p>\n\n\n\n<p>Le 6&nbsp;juin dernier,&nbsp;lors d\u2019un entretien \u00e0&nbsp;<em>L\u2019\u00c9quipe<\/em>, le pr\u00e9sident de la LFP Vincent Labrune avait annonc\u00e9 viser le milliard d\u2019euros par saison pour l\u2019ensemble des droits remis sur le march\u00e9\u2026 tout en ajoutant que, selon lui, Canal+ ne participerait pas \u00e0 l\u2019appel d\u2019offres \u00e0 venir. Jusqu\u2019ici, il n\u2019en avait pas la preuve formelle. C\u2019est d\u00e9sormais chose faite.<\/p>\n","protected":false},"excerpt":{"rendered":"<p>(l\u2019\u00e9quipe.fr)-&nbsp; Pour la premi\u00e8re fois de son histoire, Canal+ ne candidatera pas \u00e0 l\u2019acquisition des droits de la Ligue 1<\/p>\n","protected":false},"author":1,"featured_media":22224,"comment_status":"open","ping_status":"open","sticky":false,"template":"","format":"standard","meta":{"footnotes":""},"categories":[9],"tags":[],"class_list":["post-22223","post","type-post","status-publish","format-standard","has-post-thumbnail","hentry","category-sports"],"_links":{"self":[{"href":"https:\/\/dekkbi.com\/index.php?rest_route=\/wp\/v2\/posts\/22223","targetHints":{"allow":["GET"]}}],"collection":[{"href":"https:\/\/dekkbi.com\/index.php?rest_route=\/wp\/v2\/posts"}],"about":[{"href":"https:\/\/dekkbi.com\/index.php?rest_route=\/wp\/v2\/types\/post"}],"author":[{"embeddable":true,"href":"https:\/\/dekkbi.com\/index.php?rest_route=\/wp\/v2\/users\/1"}],"replies":[{"embeddable":true,"href":"https:\/\/dekkbi.com\/index.php?rest_route=%2Fwp%2Fv2%2Fcomments&post=22223"}],"version-history":[{"count":2,"href":"https:\/\/dekkbi.com\/index.php?rest_route=\/wp\/v2\/posts\/22223\/revisions"}],"predecessor-version":[{"id":22229,"href":"https:\/\/dekkbi.com\/index.php?rest_route=\/wp\/v2\/posts\/22223\/revisions\/22229"}],"wp:featuredmedia":[{"embeddable":true,"href":"https:\/\/dekkbi.com\/index.php?rest_route=\/wp\/v2\/media\/22224"}],"wp:attachment":[{"href":"https:\/\/dekkbi.com\/index.php?rest_route=%2Fwp%2Fv2%2Fmedia&parent=22223"}],"wp:term":[{"taxonomy":"category","embeddable":true,"href":"https:\/\/dekkbi.com\/index.php?rest_route=%2Fwp%2Fv2%2Fcategories&post=22223"},{"taxonomy":"post_tag","embeddable":true,"href":"https:\/\/dekkbi.com\/index.php?rest_route=%2Fwp%2Fv2%2Ftags&post=22223"}],"curies":[{"name":"wp","href":"https:\/\/api.w.org\/{rel}","templated":true}]}}