{"id":22220,"date":"2023-09-25T12:15:57","date_gmt":"2023-09-25T12:15:57","guid":{"rendered":"https:\/\/dekkbi.com\/?p=22220"},"modified":"2023-09-25T12:15:58","modified_gmt":"2023-09-25T12:15:58","slug":"assemblee-generale-des-nations-unies-tony-o-elumelu-plaide-en-faveur-de-linclusion-numerique-et-de-lautonomisation-des-jeunes","status":"publish","type":"post","link":"https:\/\/dekkbi.com\/?p=22220","title":{"rendered":"Assembl\u00e9e g\u00e9n\u00e9rale des Nations unies : Tony O. Elumelu plaide en faveur de l\u2019inclusion num\u00e9rique et de l\u2019autonomisation des jeunes"},"content":{"rendered":"\n<p>Alors que la 78e session de l&rsquo;Assembl\u00e9e g\u00e9n\u00e9rale des Nations-unies (Agnu) a d\u00e9but\u00e9 \u00e0 New York, Tony O. Elumelu, pr\u00e9sident du groupe Uba, n&rsquo;a pas perdu de temps pour s&rsquo;engager avec des leaders mondiaux et des personnalit\u00e9s influentes sur des questions cruciales.<\/p>\n\n\n\n<p>Selon une note d&rsquo;information, il a commenc\u00e9 son voyage \u00e0 l&rsquo;Agnu en\u00a0participant au petit-d\u00e9jeuner Time100 Talks, dont le th\u00e8me \u00e9tait \u00abCombler le foss\u00e9 num\u00e9rique : l&rsquo;importance de l&rsquo;\u00e9quit\u00e9 num\u00e9rique : L&rsquo;importance de l&rsquo;\u00e9quit\u00e9 num\u00e9rique\u00a0\u00bb. Cet \u00e9v\u00e9nement, organis\u00e9 par Jessica Sibley, Pdg de Time, et Hans Vestberg, pr\u00e9sident-directeur g\u00e9n\u00e9ral de Verizon, a rassembl\u00e9 des leaders d&rsquo;opinion du monde entier pour discuter de la question urgente de l&rsquo;\u00e9quit\u00e9 num\u00e9rique.<br>\u00a0<br>\u00abTony Elumelu, connu pour son r\u00f4le de leader du secteur priv\u00e9 africain et de philanthrope, a utilis\u00e9 cette plateforme pour souligner l&rsquo;urgence de promouvoir l&rsquo;inclusion num\u00e9rique en Afrique. Il a insist\u00e9 sur le r\u00f4le essentiel que joue la connectivit\u00e9 num\u00e9rique dans le monde d&rsquo;aujourd&rsquo;hui et les cons\u00e9quences de la fracture num\u00e9rique qui persiste sur le continent africain\u00a0\u00bb, lit-on dans la note.<br>\u00a0<br>S&rsquo;inspirant de son exp\u00e9rience personnelle en tant que parent, pr\u00e9cise-t-on, Tony Elumelu a racont\u00e9 l&rsquo;histoire poignante de son fils de 8 ans qui a \u00a0facilement acc\u00e8s \u00e0 des iPads et \u00e0 des ressources num\u00e9riques. Il a soulign\u00e9 \u00e0 quel point l&rsquo;acc\u00e8s \u00e0 la technologie num\u00e9rique avait enrichi leur vie, notamment en leur permettant de rester inform\u00e9s et engag\u00e9s. Cependant, il a juxtapos\u00e9 cette r\u00e9alit\u00e9 \u00e0 celle de nombreux jeunes enfants africains qui ne b\u00e9n\u00e9ficient pas d&rsquo;un tel acc\u00e8s, ce qui cr\u00e9e un foss\u00e9 soci\u00e9tal.<br>\u00a0<br>Dans son discours, Tony Elumelu a soulign\u00e9 l&rsquo;importance de l&rsquo;acc\u00e8s \u00e0 l&rsquo;information, \u00e0 l&rsquo;\u00e9ducation et aux opportunit\u00e9s pour la r\u00e9ussite individuelle. Il a soulign\u00e9 que lorsque ces opportunit\u00e9s sont inaccessibles \u00e0 des personnes, leur potentiel reste inexploit\u00e9 et les communaut\u00e9s dans leur ensemble souffrent de l&rsquo;absence de progr\u00e8s.<br>\u00a0<br>Tony Elumelu a appel\u00e9 les dirigeants du secteur priv\u00e9, de la soci\u00e9t\u00e9 civile et de la communaut\u00e9 philanthropique mondiale \u00e0 agir collectivement et \u00e0 favoriser l&rsquo;inclusion num\u00e9rique. Il a f\u00e9licit\u00e9 Time100 pour avoir r\u00e9uni des personnalit\u00e9s influentes qui pr\u00f4nent non seulement le changement, mais aussi mettent en \u0153uvre des plans pour r\u00e9duire la fracture num\u00e9rique en Afrique et dans le monde.<br>\u00a0<br>Il a par ailleurs exprim\u00e9 son enthousiasme pour l&rsquo;initiative du Partenariat pour l&rsquo;acc\u00e8s num\u00e9rique en Afrique (Pdaa) r\u00e9cemment lanc\u00e9e par l&rsquo;administration Biden-Kamala. Tony Elumelu s\u2019est dit fier d&rsquo;\u00eatre le copr\u00e9sident de cette initiative, qui vise \u00e0 conduire la transformation de l&rsquo;infrastructure num\u00e9rique en Afrique. Il attend avec impatience l&rsquo;impact positif que cette initiative aura sur le continent.<br>\u00a0<br>Les activit\u00e9s de Tony Elumelu \u00e0 l&rsquo;Agnu comprenaient \u00e9galement d&rsquo;importantes r\u00e9unions bilat\u00e9rales. Il a rencontr\u00e9 Ahunna Eziakonwa, administrateur adjoint et directeur r\u00e9gional pour l&rsquo;Afrique du Pnud, renfor\u00e7ant ainsi le partenariat avec la Fondation Tony Elumelu.<br>\u00a0<br><strong>Adou FAYE<\/strong><\/p>\n","protected":false},"excerpt":{"rendered":"<p>Alors que la 78e session de l&rsquo;Assembl\u00e9e g\u00e9n\u00e9rale des Nations-unies (Agnu) a d\u00e9but\u00e9 \u00e0 New York, Tony O. Elumelu, pr\u00e9sident<\/p>\n","protected":false},"author":1,"featured_media":22221,"comment_status":"open","ping_status":"open","sticky":false,"template":"","format":"standard","meta":{"footnotes":""},"categories":[46],"tags":[],"class_list":["post-22220","post","type-post","status-publish","format-standard","has-post-thumbnail","hentry","category-technology"],"_links":{"self":[{"href":"https:\/\/dekkbi.com\/index.php?rest_route=\/wp\/v2\/posts\/22220","targetHints":{"allow":["GET"]}}],"collection":[{"href":"https:\/\/dekkbi.com\/index.php?rest_route=\/wp\/v2\/posts"}],"about":[{"href":"https:\/\/dekkbi.com\/index.php?rest_route=\/wp\/v2\/types\/post"}],"author":[{"embeddable":true,"href":"https:\/\/dekkbi.com\/index.php?rest_route=\/wp\/v2\/users\/1"}],"replies":[{"embeddable":true,"href":"https:\/\/dekkbi.com\/index.php?rest_route=%2Fwp%2Fv2%2Fcomments&post=22220"}],"version-history":[{"count":1,"href":"https:\/\/dekkbi.com\/index.php?rest_route=\/wp\/v2\/posts\/22220\/revisions"}],"predecessor-version":[{"id":22222,"href":"https:\/\/dekkbi.com\/index.php?rest_route=\/wp\/v2\/posts\/22220\/revisions\/22222"}],"wp:featuredmedia":[{"embeddable":true,"href":"https:\/\/dekkbi.com\/index.php?rest_route=\/wp\/v2\/media\/22221"}],"wp:attachment":[{"href":"https:\/\/dekkbi.com\/index.php?rest_route=%2Fwp%2Fv2%2Fmedia&parent=22220"}],"wp:term":[{"taxonomy":"category","embeddable":true,"href":"https:\/\/dekkbi.com\/index.php?rest_route=%2Fwp%2Fv2%2Fcategories&post=22220"},{"taxonomy":"post_tag","embeddable":true,"href":"https:\/\/dekkbi.com\/index.php?rest_route=%2Fwp%2Fv2%2Ftags&post=22220"}],"curies":[{"name":"wp","href":"https:\/\/api.w.org\/{rel}","templated":true}]}}