{"id":22146,"date":"2023-09-23T00:36:43","date_gmt":"2023-09-23T00:36:43","guid":{"rendered":"https:\/\/dekkbi.com\/?p=22146"},"modified":"2023-09-23T00:36:44","modified_gmt":"2023-09-23T00:36:44","slug":"le-pape-denonce-le-sort-des-migrants-les-personnes-qui-risquent-de-se-noyer-doivent-etre-secourues-un-devoir-dhumanite","status":"publish","type":"post","link":"https:\/\/dekkbi.com\/?p=22146","title":{"rendered":"Le pape d\u00e9nonce le sort des migrants: \u201cLes personnes qui risquent de se noyer doivent \u00eatre secourues, un devoir d\u2019humanit\u00e9\u201d"},"content":{"rendered":"\n<p>Le pape Fran\u00e7ois a une nouvelle fois d\u00e9nonc\u00e9 vendredi le sort des migrants en M\u00e9diterran\u00e9e, fustigeant \u201cl\u2019indiff\u00e9rence\u201d et la \u201cpeur\u201d, au premier jour d\u2019une visite \u00e0 Marseille, dans le sud-est de la France, dans un contexte d\u2019hostilit\u00e9 croissante en Europe envers les candidats \u00e0 l\u2019exil.<\/p>\n\n\n\n<p>Accueilli \u00e0 son arriv\u00e9e \u00e0 l\u2019a\u00e9roport par la Premi\u00e8re ministre Elisabeth Borne, le chef de l\u2019\u00c9glise catholique est rapidement parti dans son habituelle Fiat 500 blanche pour la basilique Notre-Dame de la Garde, la \u201cBonne m\u00e8re\u201d, symbole de la deuxi\u00e8me ville de France, juch\u00e9e sur une colline dominant la baie de Marseille.<\/p>\n\n\n\n<p>M\u00e9morial aux marins et migrants disparus <\/p>\n\n\n\n<p>Sous un ciel clair, il a tout d\u2019abord particip\u00e9 \u00e0 une pri\u00e8re avec le clerg\u00e9 dans cette basilique n\u00e9o-byzantine aux murs recouverts d\u2019ex-votos, dans une ville \u00e0 la population fa\u00e7onn\u00e9e par des si\u00e8cles de migrations. Il s\u2019est ensuite recueilli avec des repr\u00e9sentants du christianisme et d\u2019autres religions, musulmans et juifs notamment, devant le m\u00e9morial aux marins et migrants disparus en mer, martelant son appel \u00e0 accueillir les exil\u00e9s.<\/p>\n","protected":false},"excerpt":{"rendered":"<p>Le pape Fran\u00e7ois a une nouvelle fois d\u00e9nonc\u00e9 vendredi le sort des migrants en M\u00e9diterran\u00e9e, fustigeant \u201cl\u2019indiff\u00e9rence\u201d et la \u201cpeur\u201d,<\/p>\n","protected":false},"author":1,"featured_media":22147,"comment_status":"open","ping_status":"open","sticky":false,"template":"","format":"standard","meta":{"footnotes":""},"categories":[51],"tags":[],"class_list":["post-22146","post","type-post","status-publish","format-standard","has-post-thumbnail","hentry","category-general"],"_links":{"self":[{"href":"https:\/\/dekkbi.com\/index.php?rest_route=\/wp\/v2\/posts\/22146","targetHints":{"allow":["GET"]}}],"collection":[{"href":"https:\/\/dekkbi.com\/index.php?rest_route=\/wp\/v2\/posts"}],"about":[{"href":"https:\/\/dekkbi.com\/index.php?rest_route=\/wp\/v2\/types\/post"}],"author":[{"embeddable":true,"href":"https:\/\/dekkbi.com\/index.php?rest_route=\/wp\/v2\/users\/1"}],"replies":[{"embeddable":true,"href":"https:\/\/dekkbi.com\/index.php?rest_route=%2Fwp%2Fv2%2Fcomments&post=22146"}],"version-history":[{"count":1,"href":"https:\/\/dekkbi.com\/index.php?rest_route=\/wp\/v2\/posts\/22146\/revisions"}],"predecessor-version":[{"id":22148,"href":"https:\/\/dekkbi.com\/index.php?rest_route=\/wp\/v2\/posts\/22146\/revisions\/22148"}],"wp:featuredmedia":[{"embeddable":true,"href":"https:\/\/dekkbi.com\/index.php?rest_route=\/wp\/v2\/media\/22147"}],"wp:attachment":[{"href":"https:\/\/dekkbi.com\/index.php?rest_route=%2Fwp%2Fv2%2Fmedia&parent=22146"}],"wp:term":[{"taxonomy":"category","embeddable":true,"href":"https:\/\/dekkbi.com\/index.php?rest_route=%2Fwp%2Fv2%2Fcategories&post=22146"},{"taxonomy":"post_tag","embeddable":true,"href":"https:\/\/dekkbi.com\/index.php?rest_route=%2Fwp%2Fv2%2Ftags&post=22146"}],"curies":[{"name":"wp","href":"https:\/\/api.w.org\/{rel}","templated":true}]}}