{"id":22127,"date":"2023-09-23T00:12:18","date_gmt":"2023-09-23T00:12:18","guid":{"rendered":"https:\/\/dekkbi.com\/?p=22127"},"modified":"2023-09-23T00:12:18","modified_gmt":"2023-09-23T00:12:18","slug":"josep-borrell-je-condamne-le-french-bashing-en-afrique","status":"publish","type":"post","link":"https:\/\/dekkbi.com\/?p=22127","title":{"rendered":"Josep Borrell: \u00abJe condamne le French Bashing en Afrique\u00bb"},"content":{"rendered":"\n<p>En cette semaine d&rsquo;Assembl\u00e9e g\u00e9n\u00e9rale de l\u2019ONU \u00e0 New York, le chef de la Diplomatie de l&rsquo;Union europ\u00e9enne, le Haut-repr\u00e9sentant Josep Borrell d\u00e9veloppe sa vision de la marche du monde. Une r\u00e9union domin\u00e9e par la guerre contre l&rsquo;Ukraine et l&rsquo;\u00e9mergence d&rsquo;un nouveau monde.<\/p>\n\n\n\n<p>Josep Borrell fustige la Russie qui bloque les exportations de bl\u00e9 de l&rsquo;Ukraine. \u00ab Elle d\u00e9truit, elle bombarde, elle br\u00fble les stocks de grains et ce faisant, elle est en train de cr\u00e9er un grave probl\u00e8me alimentaire dans le monde. \u00bb Il r\u00e9affirme le soutien ind\u00e9fectible de l\u2019Union europ\u00e9enne \u00e0 l\u2019Ukraine qui a vocation \u00e0 entrer dans l\u2019Union europ\u00e9enne. \u00ab C\u2019est la meilleure fa\u00e7on de garantir la s\u00e9curit\u00e9 europ\u00e9enne \u00bb.<\/p>\n\n\n\n<p>L&rsquo;Union europ\u00e9enne, affirme Josep Borrell, condamne l\u2019op\u00e9ration militaire de l\u2019arm\u00e9e azerba\u00efdjanaise au Haut-Karabakh &#8211; cette r\u00e9gion s\u00e9cessionniste majoritairement peupl\u00e9e d&rsquo;Arm\u00e9niens. L\u2019Europe, affirme-t-il, sera attentive au sort des populations civiles dans la r\u00e9gion.<\/p>\n\n\n\n<p>Le Haut repr\u00e9sentant \u00e9voque la crise migratoire avec l\u2019arriv\u00e9e massive de migrants \u00e0 Lampedusa \u00ab il faut montrer toute solidarit\u00e9 avec l&rsquo;Italie dans un moment difficile \u00bb. Mais il r\u00e9affirme un n\u00e9cessaire contr\u00f4le les fronti\u00e8res. Il faut trouver, selon lui, une politique qui aille au-del\u00e0 des mesures strictement s\u00e9curitaires pour \u00e9tablir avec les pays d&rsquo;origine et de transit des accords qui permettent de recevoir d&rsquo;une fa\u00e7on r\u00e9guli\u00e8re une migration dont nous avons besoin et, en m\u00eame temps, garantir l\u2019expulsion de migrants ill\u00e9gaux \u00ab qui mettent en p\u00e9ril leur vie pour rien \u00bb.<\/p>\n","protected":false},"excerpt":{"rendered":"<p>En cette semaine d&rsquo;Assembl\u00e9e g\u00e9n\u00e9rale de l\u2019ONU \u00e0 New York, le chef de la Diplomatie de l&rsquo;Union europ\u00e9enne, le Haut-repr\u00e9sentant<\/p>\n","protected":false},"author":1,"featured_media":22128,"comment_status":"open","ping_status":"open","sticky":false,"template":"","format":"standard","meta":{"footnotes":""},"categories":[51],"tags":[],"class_list":["post-22127","post","type-post","status-publish","format-standard","has-post-thumbnail","hentry","category-general"],"_links":{"self":[{"href":"https:\/\/dekkbi.com\/index.php?rest_route=\/wp\/v2\/posts\/22127","targetHints":{"allow":["GET"]}}],"collection":[{"href":"https:\/\/dekkbi.com\/index.php?rest_route=\/wp\/v2\/posts"}],"about":[{"href":"https:\/\/dekkbi.com\/index.php?rest_route=\/wp\/v2\/types\/post"}],"author":[{"embeddable":true,"href":"https:\/\/dekkbi.com\/index.php?rest_route=\/wp\/v2\/users\/1"}],"replies":[{"embeddable":true,"href":"https:\/\/dekkbi.com\/index.php?rest_route=%2Fwp%2Fv2%2Fcomments&post=22127"}],"version-history":[{"count":1,"href":"https:\/\/dekkbi.com\/index.php?rest_route=\/wp\/v2\/posts\/22127\/revisions"}],"predecessor-version":[{"id":22129,"href":"https:\/\/dekkbi.com\/index.php?rest_route=\/wp\/v2\/posts\/22127\/revisions\/22129"}],"wp:featuredmedia":[{"embeddable":true,"href":"https:\/\/dekkbi.com\/index.php?rest_route=\/wp\/v2\/media\/22128"}],"wp:attachment":[{"href":"https:\/\/dekkbi.com\/index.php?rest_route=%2Fwp%2Fv2%2Fmedia&parent=22127"}],"wp:term":[{"taxonomy":"category","embeddable":true,"href":"https:\/\/dekkbi.com\/index.php?rest_route=%2Fwp%2Fv2%2Fcategories&post=22127"},{"taxonomy":"post_tag","embeddable":true,"href":"https:\/\/dekkbi.com\/index.php?rest_route=%2Fwp%2Fv2%2Ftags&post=22127"}],"curies":[{"name":"wp","href":"https:\/\/api.w.org\/{rel}","templated":true}]}}