{"id":22124,"date":"2023-09-23T00:07:38","date_gmt":"2023-09-23T00:07:38","guid":{"rendered":"https:\/\/dekkbi.com\/?p=22124"},"modified":"2023-09-23T00:07:39","modified_gmt":"2023-09-23T00:07:39","slug":"conseil-interministeriel-amadou-ba-engage-le-gouvernement-a-continuer-doeuvrer-pour-une-bonne-rentree-scolaire","status":"publish","type":"post","link":"https:\/\/dekkbi.com\/?p=22124","title":{"rendered":"Conseil interminist\u00e9riel: Amadou B\u00e2 engage le gouvernement \u00e0 \u2018\u2019continuer d\u2019\u0153uvrer pour une bonne rentr\u00e9e scolaire\u2019\u2019"},"content":{"rendered":"\n<p>Le gouvernement s\u00e9n\u00e9galais va continuer \u00e0 tout mettre en \u0153uvre pour une bonne rentr\u00e9e scolaire qui survient cette ann\u00e9e dans  \u00bbun contexte de d\u00e9fis multiples\u2019\u2019 auxquels l\u2019Etat doit faire face de mani\u00e8re r\u00e9solue, a promis vendredi le Premier ministre, Amadou Ba.\u2018\u2019En tant que Gouvernement, nous avons la responsabilit\u00e9 de veiller \u00e0 ce que la rentr\u00e9e scolaire se d\u00e9roule dans les meilleures conditions possibles pour chaque enfant du S\u00e9n\u00e9gal\u2019\u2019, a-t-il dit, \u00e0 l\u2019ouverture d\u2019un conseil interminist\u00e9riel consacr\u00e9 \u00e0 la rentr\u00e9e scolaire pr\u00e9vue le 5 octobre prochain.<\/p>\n\n\n\n<p>S\u2019exprimant en pr\u00e9sence d\u2019une dizaine de ministres, il a indiqu\u00e9 qu\u2019une bonne rentr\u00e9e des classes implique que tous les services de l\u2019Etat concern\u00e9s puissent garantir que \u2018\u2019nos \u00e9coles aient des environnements propres, sains et s\u00e9curis\u00e9s\u2019\u2019.Dans le m\u00eame temps, des \u00ab mesures vigoureuses \u00bb doivent \u00eatre prises pour lutter contre les inondations qui menacent certaines \u00e9coles et communaut\u00e9s.\u2018\u2019L\u2019\u00e9ducation est une responsabilit\u00e9 partag\u00e9e entre le gouvernement, les enseignants, les parents et la soci\u00e9t\u00e9 dans son ensemble. Nous encourageons les parents \u00e0 s\u2019impliquer activement dans l\u2019\u00e9ducation de leurs enfants et \u00e0 soutenir leur apprentissage \u00e0 la maison\u2019\u2019, a dit Amadou B\u00e2.Le chef de l\u2019Etat, Macky Sall, a engag\u00e9 le gouvernement \u00e0 s\u2019assurer que chaque enfant, quelle que soit sa situation \u00e9conomique, ait un acc\u00e8s \u00e9quitable \u00e0 une \u00e9ducation de qualit\u00e9, a rappel\u00e9 le Premier ministre.\u2018\u2019Nous continuerons \u00e0 investir dans la construction et la r\u00e9novation d\u2019\u00e9coles, \u00e0 am\u00e9liorer l\u2019acc\u00e8s \u00e0 l\u2019\u00e9ducation pr\u00e9scolaire et \u00e0 renforcer les infrastructures \u00e9ducatives dans tout le pays\u2019\u2019, a-t-il assur\u00e9.Il a toutefois rappel\u00e9 que \u2018\u2019l\u2019\u00e9ducation ne se limite pas seulement \u00e0 l\u2019acc\u00e8s \u00e0 l\u2019\u00e9cole, mais il y a aussi la qualit\u00e9 de l\u2019enseignement\u2019\u2019.Le gouvernement veillera \u00e9galement \u2018\u2019\u00e0 ce que nos enseignants soient bien form\u00e9s, motiv\u00e9s et bien r\u00e9mun\u00e9r\u00e9s, car ce sont eux qui fa\u00e7onnent l\u2019avenir de notre Nation\u2019\u2019. Il a signal\u00e9 que le gouvernement pr\u00e9voit de mettre en place \u2018\u2019des programmes de formation continue pour nos \u00e9ducateurs\u2019\u2019, tout encourageant l\u2019innovation p\u00e9dagogique.\u2018\u2019L\u2019\u00e9ducation doit \u00eatre accessible \u00e0 tous, ind\u00e9pendamment du sexe, de l\u2019origine ethnique, de la religion ou du handicap. Nous travaillerons \u00e0 garantir que chaque enfant ait les m\u00eames chances de r\u00e9ussir\u2019\u2019, a-t-il affirm\u00e9.L\u2019hygi\u00e8ne et la propret\u00e9, la sant\u00e9 des \u00e9l\u00e8ves et du personnel administratif, la lutte contre les inondations seront les principaux axes sur lesquels les efforts du gouvernement seront concentr\u00e9s pour une bonne rentr\u00e9e scolaire, a-t-il lanc\u00e9.Les travaux du conseil interminist\u00e9riel se poursuivent \u00e0 huis clos. Ils se tiennent sous la pr\u00e9sidence du Premier ministre et avec la participation des minist\u00e8res sectoriels, mais \u00e9galement des ministres de l\u2019Eau et de l\u2019Assainissement, des Forces Arm\u00e9es, de l\u2019Int\u00e9rieur, des Transports terrestres et des Infrastructures.Les secr\u00e9taires g\u00e9n\u00e9raux des syndicats d\u2019enseignants, les repr\u00e9sentants des partenaires techniques et financiers de l\u2019\u00e9ducation et les associations des parents d\u2019\u00e9l\u00e8ves prennent part \u00e9galement \u00e0 la rencontre.Une d\u00e9claration finale sera rendue publique au terme des travaux. APS<\/p>\n","protected":false},"excerpt":{"rendered":"<p>Le gouvernement s\u00e9n\u00e9galais va continuer \u00e0 tout mettre en \u0153uvre pour une bonne rentr\u00e9e scolaire qui survient cette ann\u00e9e dans<\/p>\n","protected":false},"author":1,"featured_media":22125,"comment_status":"open","ping_status":"open","sticky":false,"template":"","format":"standard","meta":{"footnotes":""},"categories":[21],"tags":[],"class_list":["post-22124","post","type-post","status-publish","format-standard","has-post-thumbnail","hentry","category-societe"],"_links":{"self":[{"href":"https:\/\/dekkbi.com\/index.php?rest_route=\/wp\/v2\/posts\/22124","targetHints":{"allow":["GET"]}}],"collection":[{"href":"https:\/\/dekkbi.com\/index.php?rest_route=\/wp\/v2\/posts"}],"about":[{"href":"https:\/\/dekkbi.com\/index.php?rest_route=\/wp\/v2\/types\/post"}],"author":[{"embeddable":true,"href":"https:\/\/dekkbi.com\/index.php?rest_route=\/wp\/v2\/users\/1"}],"replies":[{"embeddable":true,"href":"https:\/\/dekkbi.com\/index.php?rest_route=%2Fwp%2Fv2%2Fcomments&post=22124"}],"version-history":[{"count":1,"href":"https:\/\/dekkbi.com\/index.php?rest_route=\/wp\/v2\/posts\/22124\/revisions"}],"predecessor-version":[{"id":22126,"href":"https:\/\/dekkbi.com\/index.php?rest_route=\/wp\/v2\/posts\/22124\/revisions\/22126"}],"wp:featuredmedia":[{"embeddable":true,"href":"https:\/\/dekkbi.com\/index.php?rest_route=\/wp\/v2\/media\/22125"}],"wp:attachment":[{"href":"https:\/\/dekkbi.com\/index.php?rest_route=%2Fwp%2Fv2%2Fmedia&parent=22124"}],"wp:term":[{"taxonomy":"category","embeddable":true,"href":"https:\/\/dekkbi.com\/index.php?rest_route=%2Fwp%2Fv2%2Fcategories&post=22124"},{"taxonomy":"post_tag","embeddable":true,"href":"https:\/\/dekkbi.com\/index.php?rest_route=%2Fwp%2Fv2%2Ftags&post=22124"}],"curies":[{"name":"wp","href":"https:\/\/api.w.org\/{rel}","templated":true}]}}