{"id":22082,"date":"2023-09-22T12:27:26","date_gmt":"2023-09-22T12:27:26","guid":{"rendered":"https:\/\/dekkbi.com\/?p=22082"},"modified":"2023-09-22T12:38:45","modified_gmt":"2023-09-22T12:38:45","slug":"son-meilleur-look-camilla-affiche-une-ressemblance-frappante-avec-la-reine-elizabeth-et-ce-nest-pas-une-coincidence","status":"publish","type":"post","link":"https:\/\/dekkbi.com\/?p=22082","title":{"rendered":"Camilla: ressemblance frappante avec Elizabeth II"},"content":{"rendered":"\n<p><strong>Une robe bleu nuit sign\u00e9e Dior, un brushing \u00e9clatant et une parure de bijoux d\u2019une valeur de 5,8 millions d\u2019euros. La reine Camilla a marqu\u00e9 le coup mercredi soir lors du gala au ch\u00e2teau de Versailles avec une tenue rendant directement hommage \u00e0 sa d\u00e9funte belle-m\u00e8re, Elizabeth II. Un clin d\u2019\u0153il qui semble tirer un trait d\u00e9finitif sur l\u2019histoire parfois tr\u00e8s douloureuse entre la nouvelle Reine et sa pr\u00e9d\u00e9cesseure.<\/strong><\/p>\n\n\n\n<p>Le roi Charles III et la reine Camilla ont particip\u00e9 mercredi \u00e0 un d\u00eener d\u2019\u00c9tat au ch\u00e2teau de Versailles, l\u2019un des moments forts de leur visite de trois jours en France. Pour l\u2019occasion, Camilla est apparue dans une longue robe bleu nuit avec une cape. C\u00f4t\u00e9 accessoires, elle a opt\u00e9 pour une parure en diamants et en saphirs qui provient de la collection d\u2019\u00c9lisabeth II. Cette derni\u00e8re a notamment port\u00e9 ces bijoux pour c\u00e9l\u00e9brer ses 50 ans de r\u00e8gne en 2002, l\u00e0 aussi avec une robe bleue. Comme le montrent les images, la ressemblance entre les deux souveraines est frappante.<\/p>\n\n\n\n<h2 class=\"wp-block-heading\">Un choix classe et intemporel<\/h2>\n\n\n\n<p>S\u2019agissait-il du \u201cmeilleur look de Camilla\u201d, s\u2019interroge le Daily Mail? \u201cC\u2019est en tout cas son look le plus \u00e0 la mode \u00e0 ce jour\u201d. La robe haute couture que la Reine a fait confectionner par la maison Dior, \u00e0 Paris, a \u00e9t\u00e9 interpr\u00e9t\u00e9e comme un hommage \u00e0 la France, son pays d\u2019accueil. La premi\u00e8re dame, Brigitte Macron, \u00e9tait \u00e9galement habill\u00e9e par Dior.<\/p>\n\n\n\n<p>Le maquillage de Camilla \u00e9tait quant \u00e0 lui \u201cune vraie le\u00e7on en mati\u00e8re de glamour intemporel\u201d, juge la maquilleuse Lisa Little dans le Daily Mail. \u201cSa peau \u00e9tait impeccable et rayonnante. Ses yeux \u00e9taient mis en valeur gr\u00e2ce \u00e0 un eyeliner d\u00e9licatement appliqu\u00e9. Et ses cils volumineux ajoutaient une touche de drame et d\u2019allure.\u201d<\/p>\n\n\n\n<p>Enfin, en choisissant ses bijoux, Camilla a rendu hommage \u00e0 sa d\u00e9funte belle-m\u00e8re. La reine \u00c9lisabeth avait re\u00e7u les boucles d\u2019oreilles, le collier et le bracelet en cadeau de son p\u00e8re, le roi George VI, pour son mariage avec le prince Philip en 1947. La valeur de la parure est estim\u00e9e \u00e0 5,8 millions d\u2019euros.<\/p>\n\n\n\n<p><sub>(la suite ci-dessous)<\/sub><\/p>\n\n\n\n<figure class=\"wp-block-image\"><a href=\"https:\/\/www.7sur7.be\/monarchies\/son-meilleur-look-camilla-affiche-une-ressemblance-frappante-avec-la-reine-elizabeth-et-ce-n-est-pas-une-coincidence~af1b9fb8\/235536191\/\"><img decoding=\"async\" src=\"https:\/\/images0.persgroep.net\/rcs\/MP6Z0y9sWCtwJ23w2nNvOuWcZmw\/diocontent\/235536191\/_fitwidth\/694\/?appId=21791a8992982cd8da851550a453bd7f&amp;quality=0.8\" alt=\"Le roi Charles et la reine Camilla avec le pr\u00e9sident fran\u00e7ais Emmanuel Macron et son \u00e9pouse Brigitte.\"\/><\/a><figcaption class=\"wp-element-caption\">Le roi Charles et la reine Camilla avec le pr\u00e9sident fran\u00e7ais Emmanuel Macron et son \u00e9pouse Brigitte.&nbsp;\u00a9 Photo News<\/figcaption><\/figure>\n\n\n\n<p>Ce choix souligne par ailleurs \u00e0 quel point leur relation s&rsquo;\u00e9tait d\u00e9finitivement apais\u00e9e avant le d\u00e9c\u00e8s de la reine Elizabeth. Cette derni\u00e8re avait d\u2019ailleurs explicitement d\u00e9clar\u00e9 \u00e0 la fin de sa vie que sa belle-fille recevrait le titre de \u201creine consort\u201d.<\/p>\n\n\n\n<p>Lors du gala \u00e0 Versailles, le roi Charles a prononc\u00e9 un discours en anglais et en fran\u00e7ais. Il a remerci\u00e9 ses h\u00f4tes non seulement pour leur accueil chaleureux, mais aussi pour leurs t\u00e9moignages de sympathie suite au d\u00e9c\u00e8s de la reine \u00c9lisabeth. \u201cVotre g\u00e9n\u00e9rosit\u00e9 me rappelle l\u2019\u00e9motion que ma famille et moi-m\u00eame avons ressentie lors de l\u2019hommage rendu en France \u00e0 ma m\u00e8re, enterr\u00e9e il y a un an hier\u201d, a-t-il d\u00e9clar\u00e9.<\/p>\n\n\n\n<p>Charles a racont\u00e9 que sa m\u00e8re \u00e9tait venue \u00e0 Paris en 1948, peu de temps apr\u00e8s son mariage. Alors enceinte de Charles, elle avait dans\u00e9 sur une chanson entonn\u00e9e par \u00c9dith Piaf. \u201cJe pense que cela m\u2019a laiss\u00e9 une impression ind\u00e9l\u00e9bile, m\u00eame six mois avant ma naissance\u201d, a-t-il encore d\u00e9clar\u00e9. \u201cLa vie en rose est encore aujourd\u2019hui l\u2019une de mes chansons pr\u00e9f\u00e9r\u00e9es\u201d.<\/p>\n","protected":false},"excerpt":{"rendered":"<p>Une robe bleu nuit sign\u00e9e Dior, un brushing \u00e9clatant et une parure de bijoux d\u2019une valeur de 5,8 millions d\u2019euros.<\/p>\n","protected":false},"author":1,"featured_media":22083,"comment_status":"open","ping_status":"open","sticky":false,"template":"","format":"standard","meta":{"footnotes":""},"categories":[51],"tags":[],"class_list":["post-22082","post","type-post","status-publish","format-standard","has-post-thumbnail","hentry","category-general"],"_links":{"self":[{"href":"https:\/\/dekkbi.com\/index.php?rest_route=\/wp\/v2\/posts\/22082","targetHints":{"allow":["GET"]}}],"collection":[{"href":"https:\/\/dekkbi.com\/index.php?rest_route=\/wp\/v2\/posts"}],"about":[{"href":"https:\/\/dekkbi.com\/index.php?rest_route=\/wp\/v2\/types\/post"}],"author":[{"embeddable":true,"href":"https:\/\/dekkbi.com\/index.php?rest_route=\/wp\/v2\/users\/1"}],"replies":[{"embeddable":true,"href":"https:\/\/dekkbi.com\/index.php?rest_route=%2Fwp%2Fv2%2Fcomments&post=22082"}],"version-history":[{"count":7,"href":"https:\/\/dekkbi.com\/index.php?rest_route=\/wp\/v2\/posts\/22082\/revisions"}],"predecessor-version":[{"id":22095,"href":"https:\/\/dekkbi.com\/index.php?rest_route=\/wp\/v2\/posts\/22082\/revisions\/22095"}],"wp:featuredmedia":[{"embeddable":true,"href":"https:\/\/dekkbi.com\/index.php?rest_route=\/wp\/v2\/media\/22083"}],"wp:attachment":[{"href":"https:\/\/dekkbi.com\/index.php?rest_route=%2Fwp%2Fv2%2Fmedia&parent=22082"}],"wp:term":[{"taxonomy":"category","embeddable":true,"href":"https:\/\/dekkbi.com\/index.php?rest_route=%2Fwp%2Fv2%2Fcategories&post=22082"},{"taxonomy":"post_tag","embeddable":true,"href":"https:\/\/dekkbi.com\/index.php?rest_route=%2Fwp%2Fv2%2Ftags&post=22082"}],"curies":[{"name":"wp","href":"https:\/\/api.w.org\/{rel}","templated":true}]}}