{"id":22039,"date":"2023-09-22T09:56:25","date_gmt":"2023-09-22T09:56:25","guid":{"rendered":"https:\/\/dekkbi.com\/?p=22039"},"modified":"2023-09-22T09:56:26","modified_gmt":"2023-09-22T09:56:26","slug":"tirage-can-2023-les-chapeaux-confirmes","status":"publish","type":"post","link":"https:\/\/dekkbi.com\/?p=22039","title":{"rendered":"Tirage CAN 2023 : les chapeaux confirm\u00e9s !"},"content":{"rendered":"\n<p>GFM (Dakar) Suite \u00e0 la mise \u00e0 jour de l\u2019instance mondiale ce jeudi, les chapeaux d\u00e9finitifs pour le tirage au sort de la Coupe d&rsquo;Afrique des Nations 2023 (CAN), ont \u00e9t\u00e9 d\u00e9termin\u00e9s. On note un statu quo g\u00e9n\u00e9ral, sauf pour deux \u00e9quipes : la RDC et l\u2019Afrique du Sud, renseigne Afrikfoot.<\/p>\n\n\n\n<p>Ayant \u00e9chang\u00e9 leur place au dernier classement FIFA avec les L\u00e9opards, malgr\u00e9 leur victoire le 12 septembre dernier \u00e0 domicile face aux Congolais (1-0), les Bafana Bafana glissent dans le chapeau 3. La formation de S\u00e9bastien Desabre se voit elle promue dans le chapeau 2, ce qui lui \u00e9vitera de tomber sur des gros morceaux comme le Nigeria, le Cameroun ou encore le Mali.<br><br>Chacun des 6 groupes de la CAN sera constitu\u00e9 de 4 s\u00e9lections, issues chacune d&rsquo;un chapeau diff\u00e9rent. Ci-dessous, la r\u00e9partition des 24 \u00e9quipes en 4 chapeaux de 6, bas\u00e9e sur le dernier classement FIFA de ce jeudi 21 septembre 2023.<br><br>Pour rappel, les chapeaux sont d\u00e9termin\u00e9s conform\u00e9ment \u00e0 l&rsquo;Article 12 du r\u00e8glement de l\u2019\u00e9preuve, qui se r\u00e9f\u00e8re au dernier classement FIFA communiqu\u00e9 juste avant le tirage, lequel aura lieu en l\u2019occurrence le 12 octobre prochain, \u00e0 Abidjan principale ville qui accueillera \u00e9galement la 34e \u00e9dition de la Coupe d&rsquo;Afrique des Nations du 13 janvier au 11 f\u00e9vrier 2024.<br><br><strong>Les chapeaux du tirage pour la CAN 2023 :<br><br><\/strong><strong>Chapeau 1<\/strong><br><br>C\u00f4te d&rsquo;Ivoire (pays-h\u00f4te) (50e au dernier classement FIFA)<br>S\u00e9n\u00e9gal (tenant du titre) (20e)<br>Maroc (13e)<br>Tunisie (29e)<br>Alg\u00e9rie (34e)<br>\u00c9gypte (35e)<br><br><strong>Chapeau 2<br><br><\/strong>Nigeria (40e)<br>Cameroun (41e)<br>Mali (49e)<br>Burkina Faso (58e)<br>Ghana (60e)<br>RD Congo (64e)<br><br><strong>Chapeau 3<\/strong><br><br>Afrique du Sud (65e)<br>Cap-Vert (71e)<br>Guin\u00e9e (81e)<br>Zambie (82e)<br>Guin\u00e9e \u00e9quatoriale (92e)<br>Mauritanie (99e)<br><br><strong>Chapeau 4<br><br><\/strong>Guin\u00e9e-Bissau (106e)<br>Mozambique (113e)<br>Namibie (114e)<br>Angola (117e)<br>Gambie (118e)<br>Tanzanie (122e)<br><br><strong>Le classement FIFA du 21 septembre 2023 :<\/strong><br><br><strong>Le top 10 mondial<\/strong><br><br>Argentine<br>France<br>Br\u00e9sil<br>Angleterre<br>Belgique<br>Croatie<br>Pays-Bas<br>Portugal<br>Italie<br>Espagne<br><br><strong>Le top 20 africain<br><br><\/strong>Maroc (13e au niveau mondial, en hausse \u25b2)<br>S\u00e9n\u00e9gal (20e, en baisse, \u25bc)<br>Tunisie (29e \u25b2)<br>Alg\u00e9rie (34e, \u25bc)<br>Egypte (35e, \u25bc)<br>Nigeria (40e, \u25bc)<br>Cameroun (41e, \u25b2)<br>Mali (49e, \u25b2)<br>C\u00f4te d\u2019Ivoire (50e, \u25b2)<br>Burkina Faso (58e, \u25bc)<br>Ghana (60e, \u25ac)<br>RD Congo (64e, \u25b2)<br>Afrique du Sud (65e, \u25bc)<br>Cap-Vert (71e, \u25bc)<br>Guin\u00e9e (81e, \u25ac)<br>Zambie (82e, \u25b2)<br>Gabon (88e, \u25bc)<br>Ouganda (89e, \u25b2)<br>Guin\u00e9e \u00e9quatoriale (92e, \u25bc)<br>B\u00e9nin (94e, \u25bc)<\/p>\n","protected":false},"excerpt":{"rendered":"<p>GFM (Dakar) Suite \u00e0 la mise \u00e0 jour de l\u2019instance mondiale ce jeudi, les chapeaux d\u00e9finitifs pour le tirage au<\/p>\n","protected":false},"author":1,"featured_media":22040,"comment_status":"open","ping_status":"open","sticky":false,"template":"","format":"standard","meta":{"footnotes":""},"categories":[9],"tags":[],"class_list":["post-22039","post","type-post","status-publish","format-standard","has-post-thumbnail","hentry","category-sports"],"_links":{"self":[{"href":"https:\/\/dekkbi.com\/index.php?rest_route=\/wp\/v2\/posts\/22039","targetHints":{"allow":["GET"]}}],"collection":[{"href":"https:\/\/dekkbi.com\/index.php?rest_route=\/wp\/v2\/posts"}],"about":[{"href":"https:\/\/dekkbi.com\/index.php?rest_route=\/wp\/v2\/types\/post"}],"author":[{"embeddable":true,"href":"https:\/\/dekkbi.com\/index.php?rest_route=\/wp\/v2\/users\/1"}],"replies":[{"embeddable":true,"href":"https:\/\/dekkbi.com\/index.php?rest_route=%2Fwp%2Fv2%2Fcomments&post=22039"}],"version-history":[{"count":1,"href":"https:\/\/dekkbi.com\/index.php?rest_route=\/wp\/v2\/posts\/22039\/revisions"}],"predecessor-version":[{"id":22041,"href":"https:\/\/dekkbi.com\/index.php?rest_route=\/wp\/v2\/posts\/22039\/revisions\/22041"}],"wp:featuredmedia":[{"embeddable":true,"href":"https:\/\/dekkbi.com\/index.php?rest_route=\/wp\/v2\/media\/22040"}],"wp:attachment":[{"href":"https:\/\/dekkbi.com\/index.php?rest_route=%2Fwp%2Fv2%2Fmedia&parent=22039"}],"wp:term":[{"taxonomy":"category","embeddable":true,"href":"https:\/\/dekkbi.com\/index.php?rest_route=%2Fwp%2Fv2%2Fcategories&post=22039"},{"taxonomy":"post_tag","embeddable":true,"href":"https:\/\/dekkbi.com\/index.php?rest_route=%2Fwp%2Fv2%2Ftags&post=22039"}],"curies":[{"name":"wp","href":"https:\/\/api.w.org\/{rel}","templated":true}]}}