{"id":22021,"date":"2023-09-22T09:31:38","date_gmt":"2023-09-22T09:31:38","guid":{"rendered":"https:\/\/dekkbi.com\/?p=22021"},"modified":"2023-09-22T09:31:39","modified_gmt":"2023-09-22T09:31:39","slug":"les-pretres-invitent-letat-a-veiller-au-bon-deroulement-de-lelection-presidentielle","status":"publish","type":"post","link":"https:\/\/dekkbi.com\/?p=22021","title":{"rendered":"Les pr\u00eatres invitent l\u2019Etat \u00e0 \u2018\u2019veiller au bon d\u00e9roulement\u2019\u2019 de l\u2019\u00e9lection pr\u00e9sidentielle"},"content":{"rendered":"\n<p>Dakar, 21 sept (APS) \u2013 L\u2019union du Clerg\u00e9 du S\u00e9n\u00e9gal (UCS) invite, \u00e0 travers un communiqu\u00e9 re\u00e7u, jeudi, \u00e0 l\u2019APS, l\u2019Etat du S\u00e9n\u00e9gal \u2018\u2019\u00e0 veiller au bon d\u00e9roulement de la prochaine \u00e9lection pr\u00e9sidentielle, dans la transparence, l\u2019\u00e9quit\u00e9 et le respect du choix des citoyens\u2019\u2019.<\/p>\n\n\n\n<p>Les pr\u00eatres du S\u00e9n\u00e9gal exhortent l\u2019Etat \u2018\u2019\u00e0 tout mettre en \u0153uvre pour la pr\u00e9servation de la paix sociale et de la dignit\u00e9 humaine et \u00e0 soutenir les initiatives de d\u00e9veloppement social et \u00e9conomique dans la soci\u00e9t\u00e9 et les S\u00e9n\u00e9galais, \u00e0 promouvoir le dialogue interreligieux dans le respect mutuel et la compr\u00e9hension pour une coexistence pacifique\u2019\u2019, rapporte le texte qui sanctionne les travaux de la 45<sup>e<\/sup>&nbsp; assembl\u00e9e g\u00e9n\u00e9rale de l\u2019UCS, organis\u00e9e du 18 au 21 septembre.<\/p>\n\n\n\n<p>L\u2019Archidioc\u00e8se de Dakar a accueilli \u00e0 cette occasion plus de deux cents pr\u00eatres dioc\u00e9sains venant des sept dioc\u00e8ses du S\u00e9n\u00e9gal \u2018\u2019pour rendre gr\u00e2ce au Seigneur et c\u00e9l\u00e9brer fraternellement ce demi-si\u00e8cle au service de Dieu et de son peuple&nbsp;\u00bb, selon le texte qui indique que cette assembl\u00e9e g\u00e9n\u00e9rale a eu pour&nbsp; th\u00e8me : \u2019\u2019L\u2019UCS hier et aujourd\u2019hui : historique, figures marquantes et perspectives missionnaire\u2019\u2019.<\/p>\n\n\n\n<p>L\u2019UCS, selon le communiqu\u00e9,&nbsp; appelle les S\u00e9n\u00e9galais&nbsp; \u2019\u2019\u00e0 bannir, toute forme de violence physique ou verbale, afin de favoriser la conscience citoyenne et l\u2019esprit d\u00e9mocratique\u2019\u2019 et&nbsp; \u00e0 la \u2018\u2019prudence face \u00e0 l\u2019instrumentalisation et \u00e0 la manipulation des consciences&nbsp;\u00bb.<\/p>\n\n\n\n<p>Les pr\u00eatres recommandent par ailleurs aux S\u00e9n\u00e9galais de \u2018\u2019valoriser leurs potentialit\u00e9s pour le b\u00e9n\u00e9fice de notre Nation, face aux fl\u00e9aux de l\u2019\u00e9migration avec son lot de mortalit\u00e9 et de drames&nbsp;\u00bb. Ils appellent \u00e0 &nbsp;\u00bbla promotion d\u2019une fraternit\u00e9 eccl\u00e9siale et un dialogue ouvert aux autres religions et cultures, dans l\u2019esprit de la Synodalit\u00e9\u2019\u2019.<\/p>\n\n\n\n<p>Ils encouragent aussi \u2018\u2019la promotion de la recherche th\u00e9ologique et de la production litt\u00e9raire au sein de l\u2019\u00c9glise du S\u00e9n\u00e9gal&nbsp;\u00bb\u2019, saluant la tenue de cette assembl\u00e9e g\u00e9n\u00e9rale marqu\u00e9e \u00e0 sa cl\u00f4ture par \u2018\u2019des sentiments profonds de gratitude, de fiert\u00e9 et d\u2019engagement envers le clerg\u00e9\u2019\u2019.<\/p>\n\n\n\n<p>Cette assembl\u00e9e a montr\u00e9 \u2018\u2019l\u2019importance cruciale de la collaboration entre pr\u00eatres et la\u00efcs pour une \u00c9glise dynamique et \u00e9vang\u00e9lisatrice\u2019\u2019, souligne l\u2019UCS.<\/p>\n\n\n\n<p>CS\/AB\/OID<\/p>\n","protected":false},"excerpt":{"rendered":"<p>Dakar, 21 sept (APS) \u2013 L\u2019union du Clerg\u00e9 du S\u00e9n\u00e9gal (UCS) invite, \u00e0 travers un communiqu\u00e9 re\u00e7u, jeudi, \u00e0 l\u2019APS,<\/p>\n","protected":false},"author":1,"featured_media":22022,"comment_status":"open","ping_status":"open","sticky":false,"template":"","format":"standard","meta":{"footnotes":""},"categories":[21],"tags":[],"class_list":["post-22021","post","type-post","status-publish","format-standard","has-post-thumbnail","hentry","category-societe"],"_links":{"self":[{"href":"https:\/\/dekkbi.com\/index.php?rest_route=\/wp\/v2\/posts\/22021","targetHints":{"allow":["GET"]}}],"collection":[{"href":"https:\/\/dekkbi.com\/index.php?rest_route=\/wp\/v2\/posts"}],"about":[{"href":"https:\/\/dekkbi.com\/index.php?rest_route=\/wp\/v2\/types\/post"}],"author":[{"embeddable":true,"href":"https:\/\/dekkbi.com\/index.php?rest_route=\/wp\/v2\/users\/1"}],"replies":[{"embeddable":true,"href":"https:\/\/dekkbi.com\/index.php?rest_route=%2Fwp%2Fv2%2Fcomments&post=22021"}],"version-history":[{"count":1,"href":"https:\/\/dekkbi.com\/index.php?rest_route=\/wp\/v2\/posts\/22021\/revisions"}],"predecessor-version":[{"id":22023,"href":"https:\/\/dekkbi.com\/index.php?rest_route=\/wp\/v2\/posts\/22021\/revisions\/22023"}],"wp:featuredmedia":[{"embeddable":true,"href":"https:\/\/dekkbi.com\/index.php?rest_route=\/wp\/v2\/media\/22022"}],"wp:attachment":[{"href":"https:\/\/dekkbi.com\/index.php?rest_route=%2Fwp%2Fv2%2Fmedia&parent=22021"}],"wp:term":[{"taxonomy":"category","embeddable":true,"href":"https:\/\/dekkbi.com\/index.php?rest_route=%2Fwp%2Fv2%2Fcategories&post=22021"},{"taxonomy":"post_tag","embeddable":true,"href":"https:\/\/dekkbi.com\/index.php?rest_route=%2Fwp%2Fv2%2Ftags&post=22021"}],"curies":[{"name":"wp","href":"https:\/\/api.w.org\/{rel}","templated":true}]}}