{"id":21962,"date":"2023-09-21T11:09:38","date_gmt":"2023-09-21T11:09:38","guid":{"rendered":"https:\/\/dekkbi.com\/?p=21962"},"modified":"2023-09-21T11:09:39","modified_gmt":"2023-09-21T11:09:39","slug":"taux-de-pression-fiscale-estime-a-138-luemoa-determinee-a-poursuivre-les-efforts-et-strategies","status":"publish","type":"post","link":"https:\/\/dekkbi.com\/?p=21962","title":{"rendered":"Taux de pression fiscale estim\u00e9 \u00e0 13,8%\u00a0: L\u2019Uemoa d\u00e9termin\u00e9e \u00e0 poursuivre les efforts et strat\u00e9gies"},"content":{"rendered":"\n<p><strong>Estim\u00e9 \u00e0 13,8% sur un objectif de 20%, le&nbsp;taux de pression fiscale de reste encore bas dans l\u2019espace Uemoa. Plusieurs facteurs sont \u00e0 l\u2019origine selon le directeur de pr\u00e9vision et des \u00e9tudes \u00e9conomiques, Kalidou Thiaw. L\u2019un d\u2019eux est le rebasage des comptes nationaux qui entra\u00eene automatiquement la baisse du taux de pression fiscale<\/strong>.&nbsp;<strong>Ainsi l\u2019Uemoa compte poursuivre les efforts pour son rel\u00e8vement<\/strong>.<\/p>\n\n\n\n<p>L\u2019Union \u00e9conomique et mon\u00e9taire ouest-africaine (Uemoa) organise depuis lundi un atelier de formation sur les enjeux de la conjoncture \u00e9conomique. C\u2019est \u00e0 l\u2019intention d\u2019une quarantaine de journalistes des huit pays membres de l\u2019Union. Les travaux anim\u00e9s par le professeur Seydi Ababacar Dieng, enseignant-chercheur en sciences \u00e9conomiques \u00e0 l\u2019universit\u00e9 de Dakar, concernent notamment les aspects th\u00e9oriques et pratiques sur la comptabilit\u00e9, la monnaie et le financement de l\u2019\u00e9conomie, la r\u00e9gulation de l\u2019activit\u00e9 \u00e9conomique, la Zlecaf (Zone de libre-\u00e9change continentale africaine), entre autres sujets. L\u2019objectif, selon la repr\u00e9sentante r\u00e9sidente A\u00efssa&nbsp;Kabo, est de former les&nbsp;professionnels des m\u00e9dias, qui s\u2019int\u00e9ressent aux questions \u00e9conomiques et financi\u00e8res, d\u2019\u00eatre plus au fait des enjeux de la conjoncture \u00e9conomique.<\/p>\n\n\n\n<p>\u00ab&nbsp;L\u2019exp\u00e9rience a montr\u00e9 qu\u2019il n\u2019est pas toujours ais\u00e9 pour les journalistes \u00e9conomiques, dans les&nbsp;r\u00e9dactions, de ma\u00eetriser parfaitement le langage et les m\u00e9canismes, parfois complexes, du champ \u00e9conomique et financier. Le&nbsp;Pr\u00e9sident de la Commission, Abdoulaye Diop, conform\u00e9ment \u00e0 sa promesse faite en 2022 lors de sa rencontre avec les membres de votre plateforme \u2018\u2019M\u00e9dias Uemoa\u2019\u2019, et des repr\u00e9sentants des autres organes de presse, a donn\u00e9 son accord pour l\u2019organisation de la pr\u00e9sente session de renforcement de capacit\u00e9s au profit des journalistes \u00e9conomiques et financiers de l\u2019espace Uemoa. Notre souhait est que par vos plumes, vos sons et vos images, les populations soient davantage sensibilis\u00e9es sur&nbsp;les questions de d\u00e9veloppement port\u00e9es par l\u2019Union notamment \u00e0 travers le Cadre d\u2019actions prioritaires de l\u2019Union pour la p\u00e9riode 2021-2025 (CAP 2025)&nbsp;\u00bb, a soulign\u00e9 Mme A\u00efssa Kabo, lors de la c\u00e9r\u00e9monie d\u2019ouverture. La deuxi\u00e8me journ\u00e9e de formation a \u00e9t\u00e9 consacr\u00e9e aux diff\u00e9rents concepts de la comptabilit\u00e9 nationale, de l\u2019\u00e9pargne, de l\u2019investissement, l\u2019inflation et le ch\u00f4mage. Les d\u00e9bats qui ont suivi les pr\u00e9sentations ont permis d\u2019aborder la pression fiscale au sein de l\u2019Union, qui s\u2019\u00e9tablit \u00e0 13,8% sur un objectif de 20%.<\/p>\n\n\n\n<p>Ce taux reste encore faible pour plusieurs raisons, renseigne Kalidou Thiaw, directeur de la pr\u00e9vision et des \u00e9tudes \u00e9conomiques. L\u2019un des facteurs, selon lui, est le rebasage des comptes nationaux. \u00ab&nbsp;C\u2019est vrai que les taux sont relativement faibles par rapport aux autres r\u00e9gions. Mais il faut tenir en compte la r\u00e9vision du Pib faire r\u00e9cemment par certains pays \u00e0 travers le rebasage des comptes nationaux. L\u2019un des effets importants du rel\u00e8vement de ce niveau de Pib est une baisse du taux de pression fiscale parce que vous avez le Pib qui est un d\u00e9nominateur. Il faut dire que ce le rel\u00e8vement des Pib a un effet. Malgr\u00e9 tout, nous avons des strat\u00e9gies en cours pour essayer d\u2019am\u00e9liorer la mobilisation des recettes. D\u2019ailleurs nous avons organis\u00e9 r\u00e9cemment un atelier \u00e0 Dakar. L\u2019id\u00e9e \u00e9tait de partager des exp\u00e9riences concernant les meilleures performances en termes de mobilisation des recettes&nbsp;\u00bb, a soulign\u00e9 Kalidou Thiaw. \u00c0 l\u2019en croire des r\u00e9flexions sont en cours concernant notamment la fiscalit\u00e9.<\/p>\n\n\n\n<p>\u00ab&nbsp;La direction g\u00e9n\u00e9rale des finances publiques et de la fiscalit\u00e9 int\u00e9rieure a effectu\u00e9 des missions au niveau des \u00c9tats pour \u00e9valuer le plan d\u2019acc\u00e8s pour l\u2019am\u00e9lioration de la mobilisation des recettes qui a \u00e9t\u00e9 adopt\u00e9e par le Conseil des ministres de l\u2019Uemoa en 2019. La difficult\u00e9 que nous avons c\u2019est g\u00e9n\u00e9ralement la capacit\u00e9 \u00e0 am\u00e9liorer la mobilisation des recettes en liaison avec les performances de croissance. Donc il y\u2019a des r\u00e9flexions pour voir s\u2019il ne faudrait pas augmenter la fiscalit\u00e9 vis \u00e0 vis de certaines entreprises qui ne paient pas assez d\u2019imp\u00f4ts ou est ce qu\u2019il ne faut pas r\u00e9duire les exon\u00e9rations qui sont accord\u00e9es \u00e0 certaines entreprises&nbsp;\u00bb, a poursuivi Kalidou Thiaw. L\u2019autre option \u00e0 ses yeux est l\u2019\u00e9largissement de la base des recettes fiscales en comptabilisant au fur et \u00e0 mesure les entit\u00e9s de s\u00e9curit\u00e9 sociale, les entreprises publiques. \u00ab&nbsp;Ainsi on \u00e9largit le champ de l\u2019administration publique \u00e0 ces diff\u00e9rentes entit\u00e9s, de mani\u00e8re g\u00e9n\u00e9rale dans tout ce qui concerne les finances publiques, il va falloir prendre en compte ces institutions l\u00e0 dans le calcul des recettes fiscales et les d\u00e9penses fiscales. Et cela va affecter la pression fiscale&nbsp;\u00bb, pr\u00e9cise M. Thiaw. Intervenant \u00e0 sa suite, la repr\u00e9sentante r\u00e9sidente de l\u2019Uemoa \u00e0 Dakar, A\u00efssa Kabo a rappel\u00e9 l\u2019importance d\u2019exploiter d\u2019autres niches de mobilisation des recettes fiscales telles que le secteur de l\u2019Immobilier etc.<\/p>\n\n\n\n<p><strong>Demba DIENG<\/strong><\/p>\n\n\n\n<p>LESOLEIL<\/p>\n","protected":false},"excerpt":{"rendered":"<p>Estim\u00e9 \u00e0 13,8% sur un objectif de 20%, le&nbsp;taux de pression fiscale de reste encore bas dans l\u2019espace Uemoa. Plusieurs<\/p>\n","protected":false},"author":1,"featured_media":9203,"comment_status":"open","ping_status":"open","sticky":false,"template":"","format":"standard","meta":{"footnotes":""},"categories":[3],"tags":[],"class_list":["post-21962","post","type-post","status-publish","format-standard","has-post-thumbnail","hentry","category-event-more-news"],"_links":{"self":[{"href":"https:\/\/dekkbi.com\/index.php?rest_route=\/wp\/v2\/posts\/21962","targetHints":{"allow":["GET"]}}],"collection":[{"href":"https:\/\/dekkbi.com\/index.php?rest_route=\/wp\/v2\/posts"}],"about":[{"href":"https:\/\/dekkbi.com\/index.php?rest_route=\/wp\/v2\/types\/post"}],"author":[{"embeddable":true,"href":"https:\/\/dekkbi.com\/index.php?rest_route=\/wp\/v2\/users\/1"}],"replies":[{"embeddable":true,"href":"https:\/\/dekkbi.com\/index.php?rest_route=%2Fwp%2Fv2%2Fcomments&post=21962"}],"version-history":[{"count":1,"href":"https:\/\/dekkbi.com\/index.php?rest_route=\/wp\/v2\/posts\/21962\/revisions"}],"predecessor-version":[{"id":21963,"href":"https:\/\/dekkbi.com\/index.php?rest_route=\/wp\/v2\/posts\/21962\/revisions\/21963"}],"wp:featuredmedia":[{"embeddable":true,"href":"https:\/\/dekkbi.com\/index.php?rest_route=\/wp\/v2\/media\/9203"}],"wp:attachment":[{"href":"https:\/\/dekkbi.com\/index.php?rest_route=%2Fwp%2Fv2%2Fmedia&parent=21962"}],"wp:term":[{"taxonomy":"category","embeddable":true,"href":"https:\/\/dekkbi.com\/index.php?rest_route=%2Fwp%2Fv2%2Fcategories&post=21962"},{"taxonomy":"post_tag","embeddable":true,"href":"https:\/\/dekkbi.com\/index.php?rest_route=%2Fwp%2Fv2%2Ftags&post=21962"}],"curies":[{"name":"wp","href":"https:\/\/api.w.org\/{rel}","templated":true}]}}