{"id":21937,"date":"2023-09-21T10:15:24","date_gmt":"2023-09-21T10:15:24","guid":{"rendered":"https:\/\/dekkbi.com\/?p=21937"},"modified":"2023-09-21T10:43:22","modified_gmt":"2023-09-21T10:43:22","slug":"monde-football-infantino-dit-avoir-discute-de-la-cooperation-avec-la-fifa-avec-macky-sall","status":"publish","type":"post","link":"https:\/\/dekkbi.com\/?p=21937","title":{"rendered":"Coop\u00e9ration\u00a0 avec la FIFA: discutions entre Infantino\u00a0et Macky Sall"},"content":{"rendered":"\n<p>Dakar, 20 sept (APS) \u2013 Le pr\u00e9sident de la FIFA, Gianni Infantino d\u00e9clare avoir discut\u00e9 avec le pr\u00e9sident de la R\u00e9publique, Macky Sall, de \u2018\u2019la coop\u00e9ration\u2019\u2019 entre le S\u00e9n\u00e9gal et l\u2019instance dirigeante du football mondial.<\/p>\n\n\n\n<p>\u2018\u2019J\u2019ai \u00e9t\u00e9 ravi de rencontrer le pr\u00e9sident du S\u00e9n\u00e9gal, M. Macky Sall, pour discuter de la collaboration entre la FIFA et son beau pays, qui consiste \u00e0 utiliser la popularit\u00e9 du football pour am\u00e9liorer les conditions de vie et promouvoir la prise de conscience sociale\u2019\u2019, a-t-il \u00e9crit sur son compte Instagram.<\/p>\n\n\n\n<p>Gianni Infantino pr\u00e9cise que leurs discussions ont eu lieu \u00e0 New York, o\u00f9 le pr\u00e9sident Sall prend part \u00e0 la 78<sup>e<\/sup>&nbsp;session ordinaire de l\u2019Assembl\u00e9e g\u00e9n\u00e9rale des Nations unies.<\/p>\n\n\n\n<p>Il dit avoir pris la mesure de la passion des S\u00e9n\u00e9galais pour le football \u00e0 l\u2019occasion de sa visite au S\u00e9n\u00e9gal lors de l\u2019inauguration, le 22 f\u00e9vrier 2022, du stade Abdoulaye Wade de Diamniadio.<\/p>\n\n\n\n<p>\u2018\u2019J\u2019ai \u00e9t\u00e9 t\u00e9moin de la passion pour le football au S\u00e9n\u00e9gal lorsque j\u2019ai assist\u00e9 \u00e0 l\u2019inauguration officielle du Stade du S\u00e9n\u00e9gal \u00e0 Diamniadio l\u2019ann\u00e9e derni\u00e8re et j\u2019esp\u00e8re que davantage des filles et des gar\u00e7ons auront la chance de vivre leurs r\u00eaves gr\u00e2ce au football dans un avenir proche\u2019\u2019, a-t-il dit.<\/p>\n\n\n\n<p>Il a adress\u00e9 ses remerciements au pr\u00e9sident Sall et \u00e0 tous les membres de la F\u00e9d\u00e9ration s\u00e9n\u00e9galaise de football pour leur \u2018\u2019engagement actif dans le programme Forward de la FIFA\u2019\u2019.<\/p>\n\n\n\n<p>Forward de la FIFA est un nouveau programme d\u2019investissement lanc\u00e9 par la FIFA, pour \u2018\u2019permettre aux associations nationales de b\u00e9n\u00e9ficier de ses investissements sous forme de co\u00fbts op\u00e9rationnels et sous forme d\u2019investissements\u2019\u2019.<\/p>\n\n\n\n<figure class=\"wp-block-image\"><img decoding=\"async\" src=\"https:\/\/aps.sn\/wp-content\/uploads\/2023\/09\/xInfantinoCooperationFIFA-MackySallUne.jpg.pagespeed.ic.U3Swu8CSft.webp\" alt=\"\" class=\"wp-image-48498\"\/><\/figure>\n\n\n\n<p>SK\/ASG<\/p>\n\n\n\n<p><\/p>\n","protected":false},"excerpt":{"rendered":"<p>Dakar, 20 sept (APS) \u2013 Le pr\u00e9sident de la FIFA, Gianni Infantino d\u00e9clare avoir discut\u00e9 avec le pr\u00e9sident de la<\/p>\n","protected":false},"author":1,"featured_media":21938,"comment_status":"open","ping_status":"open","sticky":false,"template":"","format":"standard","meta":{"footnotes":""},"categories":[9],"tags":[],"class_list":["post-21937","post","type-post","status-publish","format-standard","has-post-thumbnail","hentry","category-sports"],"_links":{"self":[{"href":"https:\/\/dekkbi.com\/index.php?rest_route=\/wp\/v2\/posts\/21937","targetHints":{"allow":["GET"]}}],"collection":[{"href":"https:\/\/dekkbi.com\/index.php?rest_route=\/wp\/v2\/posts"}],"about":[{"href":"https:\/\/dekkbi.com\/index.php?rest_route=\/wp\/v2\/types\/post"}],"author":[{"embeddable":true,"href":"https:\/\/dekkbi.com\/index.php?rest_route=\/wp\/v2\/users\/1"}],"replies":[{"embeddable":true,"href":"https:\/\/dekkbi.com\/index.php?rest_route=%2Fwp%2Fv2%2Fcomments&post=21937"}],"version-history":[{"count":4,"href":"https:\/\/dekkbi.com\/index.php?rest_route=\/wp\/v2\/posts\/21937\/revisions"}],"predecessor-version":[{"id":21950,"href":"https:\/\/dekkbi.com\/index.php?rest_route=\/wp\/v2\/posts\/21937\/revisions\/21950"}],"wp:featuredmedia":[{"embeddable":true,"href":"https:\/\/dekkbi.com\/index.php?rest_route=\/wp\/v2\/media\/21938"}],"wp:attachment":[{"href":"https:\/\/dekkbi.com\/index.php?rest_route=%2Fwp%2Fv2%2Fmedia&parent=21937"}],"wp:term":[{"taxonomy":"category","embeddable":true,"href":"https:\/\/dekkbi.com\/index.php?rest_route=%2Fwp%2Fv2%2Fcategories&post=21937"},{"taxonomy":"post_tag","embeddable":true,"href":"https:\/\/dekkbi.com\/index.php?rest_route=%2Fwp%2Fv2%2Ftags&post=21937"}],"curies":[{"name":"wp","href":"https:\/\/api.w.org\/{rel}","templated":true}]}}