{"id":2191,"date":"2022-10-25T10:46:32","date_gmt":"2022-10-25T10:46:32","guid":{"rendered":"https:\/\/dekkbi.com\/?p=2191"},"modified":"2022-10-25T12:08:46","modified_gmt":"2022-10-25T12:08:46","slug":"charles-ble-goude-de-retour-en-cote-divoire-le-26-novembre-prochain","status":"publish","type":"post","link":"https:\/\/dekkbi.com\/?p=2191","title":{"rendered":"Charles Bl\u00e9 Goud\u00e9"},"content":{"rendered":"\n<p>De retour en C\u00f4te d&rsquo;Ivoire le 26 novembre prochain L&rsquo;annonce a \u00e9t\u00e9 faite ce lundi par le Congr\u00e8s panafricain pour la justice et l\u2019\u00e9galit\u00e9 des peuples (Cojep), le parti de\u00a0Charles Bl\u00e9 Goud\u00e9. Un retour en concertation avec les autorit\u00e9s ivoiriennes.<\/p>\n\n\n\n<p><\/p>\n\n\n\n<p><em>Avec notre correspondante \u00e0 Abidjan,<\/em>&nbsp;<strong>Bineta Diagne<\/strong> &#8211; RFI<\/p>\n\n\n\n<p>Au si\u00e8ge du Cojep, une poign\u00e9e de militants a fait le d\u00e9placement pour exprimer sa joie.&nbsp;\u00ab&nbsp;<em>Un p\u00e8re de famille rest\u00e9 onze ans hors de sa famille&#8230; Son retour, c\u2019est une joie immense&nbsp;!<\/em>&nbsp;\u00bb, s&rsquo;enthousiasme l&rsquo;une d&rsquo;entre eux.&nbsp;<\/p>\n\n\n\n<p><strong>D\u00e9finitivement acquitt\u00e9 il y a un an et demi par la CPI&nbsp;de crimes contre l&rsquo;humanit\u00e9<\/strong>, Charles Bl\u00e9 Goud\u00e9 vit depuis \u00e0 La Haye, aux Pays Bas, d\u2019o\u00f9 il pr\u00e9pare son retour en C\u00f4te d\u2019Ivoire, apr\u00e8s plus de dix ans d\u2019absence. Fin 2019, la justice ivoirienne l&rsquo;avait condamn\u00e9 \u00e0 20 ans de prison pour sa participation \u00e0 la crise post\u00e9lectorale de 2010-11. L\u2019ex\u00e9cution de cette d\u00e9cision de justice reste en suspens.<\/p>\n\n\n\n<p>Aujourd\u2019hui, les conditions de son retour font l\u2019objet de concertations entre le Cojep et Claude Sahi Soumahoro, le chef de cabinet du pr\u00e9sident ivoirien. \u00ab&nbsp;<em>Il y a eu une condamnation, mais le pass\u00e9 r\u00e9cent de la C\u00f4te d\u2019Ivoire montre que ce ne sont pas des obstacles \u00e0 la r\u00e9conciliation des Ivoiriens. Charles Bl\u00e9 Goud\u00e9 a l\u2019assurance qu\u2019il n\u2019ira pas en prison. Le pouvoir lui-m\u00eame n\u2019a pas l\u2019intention de mettre Charles Bl\u00e9 Goud\u00e9 en prison. C\u2019est cela qui est essentiel&nbsp;<\/em>\u00bb, explique le Dr Patrice Saraka, secr\u00e9taire g\u00e9n\u00e9ral du Cojep.<\/p>\n\n\n\n<p>\u00c0 son retour, Charles Bl\u00e9 Goud\u00e9 entend faire le tour du pays, pour mener une \u00ab&nbsp;<em>caravane pour la paix<\/em>&nbsp;\u00bb. Une descente sur le terrain pour, selon ses partisans, \u00ab&nbsp;<em>mat\u00e9rialiser son envie de pr\u00f4ner la r\u00e9conciliation nationale<\/em>&nbsp;\u00bb.<\/p>\n","protected":false},"excerpt":{"rendered":"<p>De retour en C\u00f4te d&rsquo;Ivoire le 26 novembre prochain L&rsquo;annonce a \u00e9t\u00e9 faite ce lundi par le Congr\u00e8s panafricain pour<\/p>\n","protected":false},"author":1,"featured_media":2192,"comment_status":"open","ping_status":"open","sticky":false,"template":"","format":"standard","meta":{"footnotes":""},"categories":[51],"tags":[],"class_list":["post-2191","post","type-post","status-publish","format-standard","has-post-thumbnail","hentry","category-general"],"_links":{"self":[{"href":"https:\/\/dekkbi.com\/index.php?rest_route=\/wp\/v2\/posts\/2191","targetHints":{"allow":["GET"]}}],"collection":[{"href":"https:\/\/dekkbi.com\/index.php?rest_route=\/wp\/v2\/posts"}],"about":[{"href":"https:\/\/dekkbi.com\/index.php?rest_route=\/wp\/v2\/types\/post"}],"author":[{"embeddable":true,"href":"https:\/\/dekkbi.com\/index.php?rest_route=\/wp\/v2\/users\/1"}],"replies":[{"embeddable":true,"href":"https:\/\/dekkbi.com\/index.php?rest_route=%2Fwp%2Fv2%2Fcomments&post=2191"}],"version-history":[{"count":2,"href":"https:\/\/dekkbi.com\/index.php?rest_route=\/wp\/v2\/posts\/2191\/revisions"}],"predecessor-version":[{"id":2240,"href":"https:\/\/dekkbi.com\/index.php?rest_route=\/wp\/v2\/posts\/2191\/revisions\/2240"}],"wp:featuredmedia":[{"embeddable":true,"href":"https:\/\/dekkbi.com\/index.php?rest_route=\/wp\/v2\/media\/2192"}],"wp:attachment":[{"href":"https:\/\/dekkbi.com\/index.php?rest_route=%2Fwp%2Fv2%2Fmedia&parent=2191"}],"wp:term":[{"taxonomy":"category","embeddable":true,"href":"https:\/\/dekkbi.com\/index.php?rest_route=%2Fwp%2Fv2%2Fcategories&post=2191"},{"taxonomy":"post_tag","embeddable":true,"href":"https:\/\/dekkbi.com\/index.php?rest_route=%2Fwp%2Fv2%2Ftags&post=2191"}],"curies":[{"name":"wp","href":"https:\/\/api.w.org\/{rel}","templated":true}]}}