{"id":21909,"date":"2023-09-20T16:26:48","date_gmt":"2023-09-20T16:26:48","guid":{"rendered":"https:\/\/dekkbi.com\/?p=21909"},"modified":"2023-09-20T16:40:47","modified_gmt":"2023-09-20T16:40:47","slug":"c1-le-paris-sg-domine-dortmund-et-prend-la-tete-de-son-groupe","status":"publish","type":"post","link":"https:\/\/dekkbi.com\/?p=21909","title":{"rendered":"PSG domine Dortmund et prend la t\u00eate de son groupe"},"content":{"rendered":"\n<p>Un Paris SG dominant s&rsquo;est impos\u00e9 contre le Borussia Dortmund 2 \u00e0 0 (mi-temps: 0-0), mardi soir au Parc des Princes, et pris la t\u00eate du difficile groupe F \u00e0 la faveur d&rsquo;un match nul entre l&rsquo;AC Milan et Newcastle.<\/p>\n\n\n\n<p>Annonc\u00e9 dans le \u00ab\u00a0groupe de la mort\u00a0\u00bb, le PSG n&rsquo;a pas trembl\u00e9 en prenant trois des points les plus abordables en th\u00e9orie de la phase de groupes, \u00e0 domicile face \u00e0 une \u00e9quipe un cran en dessous (7e de Bundesliga) de son niveau de la saison pass\u00e9e (2e).<\/p>\n\n\n\n<p>Luis Enrique, arriv\u00e9 \u00e0 l&rsquo;\u00e9t\u00e9, avait bien fait de ne pas paniquer apr\u00e8s la d\u00e9faite vendredi au Parc contre un bon OGC Nice: ses principes de jeu offensif commencent \u00e0 se voir sur le terrain, et son \u00e9quipe se relance dans une dynamique positive avant de recevoir Marseille dimanche. M\u00eame s&rsquo;il continuera \u00e0 avoir la pression en Ligue 1, o\u00f9 son \u00e9quipe se classe cinqui\u00e8me seulement.<\/p>\n\n\n\n<p>\u00ab\u00a0On d\u00e9fend \u00e0 11, on attaque \u00e0 11, c&rsquo;est la grande force de ce nouveau PSG\u00a0\u00bb, s&rsquo;est r\u00e9joui Achraf Hakimi, buteur, apr\u00e8s le match mardi.<\/p>\n\n\n\n<p>Le PSG a d\u00e8s le d\u00e9but du match rel\u00e9gu\u00e9 dans sa moiti\u00e9 de terrain le Borussia Dortmund, qui affectionne d&rsquo;ordinaire la ma\u00eetrise du ballon.<\/p>\n\n\n\n<p>Le succ\u00e8s ne s&rsquo;est cependant dessin\u00e9 qu&rsquo;au retour de la pause. Mbapp\u00e9, qui a beaucoup rat\u00e9 mardi, transformait d&rsquo;une frappe \u00e0 ras de terre (49e) le p\u00e9nalty obtenu pour une main de S\u00fcle, apr\u00e8s un raid \u00e9clair et un centre de Demb\u00e9l\u00e9. Le transfuge du FC Barcelone est l&rsquo;une des satisfactions parisiennes de la soir\u00e9e; il est entr\u00e9 comme dans du beurre dans le flanc gauche de Dortmund.<\/p>\n\n\n\n<p>Moins de dix minutes plus tard, Hakimi doublait la mise d&rsquo;un ext\u00e9rieur du droit apr\u00e8s un crochet et un une-deux millim\u00e9tr\u00e9 avec Vitinha dans la surface adverse. \u00ab\u00a0Le coach a fait en sorte que je me sente libre pour repiquer vers l&rsquo;int\u00e9rieur, il me donne beaucoup de confiance\u00a0\u00bb, a comment\u00e9 l&rsquo;international marocain apr\u00e8s la rencontre.<\/p>\n\n\n\n<figure class=\"wp-block-image\"><img decoding=\"async\" src=\"https:\/\/information.tv5monde.com\/sites\/tv5-info\/files\/styles\/entete\/public\/2023-09\/field_media_image-2750346-f70337e4ca454487c4d0ad85572b1b5ae3c5789d.jpg?itok=EeKyf5rL\" alt=\"Le milieu portugais du PSG Vitinha au cours du match de C1 contre Dortmund le 19 septembre 2023 au Parc des Princes \u00e0 Paris\" title=\"Le milieu portugais du PSG Vitinha au cours du match de C1 contre Dortmund le 19 septembre 2023 au Parc des Princes \u00e0 Paris\"\/><\/figure>\n\n\n\n<p>Le milieu portugais du PSG Vitinha au cours du match de C1 contre Dortmund le 19 septembre 2023 au Parc des Princes \u00e0 Paris<\/p>\n\n\n\n<p>AFP<\/p>\n\n\n\n<p>FRANCK FIFE<\/p>\n\n\n\n<h2 class=\"wp-block-heading\">Kolo moyen<\/h2>\n\n\n\n<p>Paris a ensuite un peu recul\u00e9. Malgr\u00e9 les insuffisances offensives de Dortmund en l&rsquo;absence de Haller, sur le banc, et de Sabitzer bless\u00e9 d\u00e8s la 20e minute, l&rsquo;\u00e9quipe a conc\u00e9d\u00e9 quelques situations dangereuses, dont un poteau trouv\u00e9 par Bynoe-Gittens (80e).<\/p>\n\n\n\n<p>En premi\u00e8re mi-temps, les Parisiens avaient pourtant de quoi se frustrer, ne sachant pas faire la diff\u00e9rence dans les 30 derniers m\u00e8tres. Leur trio d&rsquo;attaque de l&rsquo;\u00e9quipe de France, compos\u00e9 de Mbapp\u00e9, Demb\u00e9l\u00e9 et Kolo Muani, a pein\u00e9 \u00e0 combiner pour sa premi\u00e8re association, et ce jusqu&rsquo;en seconde p\u00e9riode.<\/p>\n\n\n\n<p>L&rsquo;ancien de Francfort Kolo Muani, en particulier, a manqu\u00e9 sa premi\u00e8re titularisation: passes mal ajust\u00e9es, ballon perdu en passant, \u00e9chec \u00e0 reprendre \u00e0 bout portant un excellent centre \u00e0 ras de terre de Demb\u00e9l\u00e9 (14e), encore lui.<\/p>\n\n\n\n<p>Luis Enrique n&rsquo;a visiblement pas encore trouv\u00e9 la formule pour que l&rsquo;attaquant de pointe, qu&rsquo;il soit Kolo Muani ou Gon\u00e7alo Ramos, soit facilement touch\u00e9 par les ailiers et les milieux.<\/p>\n\n\n\n<p>Au milieu justement, Ugarte ne semblait pas totalement remis d&rsquo;un coup re\u00e7u \u00e0 l&rsquo;entra\u00eenement. Ont compens\u00e9 l&rsquo;activit\u00e9 de Warren Za\u00efre-Emery, souvent tourn\u00e9 vers l&rsquo;avant, et surtout de Vitinha.<\/p>\n\n\n\n<p>Le Portugais a pleinement confirm\u00e9, l&rsquo;espace d&rsquo;un match en tout cas, les espoirs plac\u00e9s en lui par les recruteurs parisiens \u00e0 l&rsquo;\u00e9t\u00e9 2022. A son actif, un tir sur le poteau, une passe d\u00e9cisive et moultes r\u00e9cup\u00e9rations. Seul un ballon perdu au milieu de terrain aurait pu co\u00fbter cher.<\/p>\n\n\n\n<figure class=\"wp-block-image\"><img decoding=\"async\" src=\"https:\/\/information.tv5monde.com\/sites\/tv5-info\/files\/styles\/entete\/public\/2023-09\/field_media_image-2750348-a6881daa55c648d00f01db00ec592d0eed128b75.jpg?itok=TcnXBN1d\" alt=\"L'attaquant du PSG Ousmane Dembele au cours du match de C1 contre Dortmund le 19 septembre 2023 au Parc des Princes \u00e0 Paris\" title=\"L'attaquant du PSG Ousmane Dembele au cours du match de C1 contre Dortmund le 19 septembre 2023 au Parc des Princes \u00e0 Paris\"\/><\/figure>\n\n\n\n<p>L&rsquo;attaquant du PSG Ousmane Dembele au cours du match de C1 contre Dortmund le 19 septembre 2023 au Parc des Princes \u00e0 Paris<\/p>\n\n\n\n<p>AFP<\/p>\n\n\n\n<p>FRANCK FIFE<\/p>\n\n\n\n<p>En tribunes, le virage Auteuil a mis un point d&rsquo;honneur \u00e0 couvrir les chants des r\u00e9put\u00e9s supporters du Borussia, qui pourront se rattraper en constituant le fameux mur jaune au match au Signal Iduna Park.<\/p>\n\n\n\n<p>\u00ab\u00a0Les supporters ont \u00e9t\u00e9 incroyables avant, pendant et apr\u00e8s le match\u00a0\u00bb, a salu\u00e9 Manuel Ugarte devant la presse. \u00ab\u00a0Un grand lien s&rsquo;est cr\u00e9\u00e9, ils ont jou\u00e9 un r\u00f4le important aupr\u00e8s de l&rsquo;\u00e9quipe\u00a0\u00bb.<\/p>\n","protected":false},"excerpt":{"rendered":"<p>Un Paris SG dominant s&rsquo;est impos\u00e9 contre le Borussia Dortmund 2 \u00e0 0 (mi-temps: 0-0), mardi soir au Parc des<\/p>\n","protected":false},"author":1,"featured_media":21910,"comment_status":"open","ping_status":"open","sticky":false,"template":"","format":"standard","meta":{"footnotes":""},"categories":[9],"tags":[],"class_list":["post-21909","post","type-post","status-publish","format-standard","has-post-thumbnail","hentry","category-sports"],"_links":{"self":[{"href":"https:\/\/dekkbi.com\/index.php?rest_route=\/wp\/v2\/posts\/21909","targetHints":{"allow":["GET"]}}],"collection":[{"href":"https:\/\/dekkbi.com\/index.php?rest_route=\/wp\/v2\/posts"}],"about":[{"href":"https:\/\/dekkbi.com\/index.php?rest_route=\/wp\/v2\/types\/post"}],"author":[{"embeddable":true,"href":"https:\/\/dekkbi.com\/index.php?rest_route=\/wp\/v2\/users\/1"}],"replies":[{"embeddable":true,"href":"https:\/\/dekkbi.com\/index.php?rest_route=%2Fwp%2Fv2%2Fcomments&post=21909"}],"version-history":[{"count":2,"href":"https:\/\/dekkbi.com\/index.php?rest_route=\/wp\/v2\/posts\/21909\/revisions"}],"predecessor-version":[{"id":21919,"href":"https:\/\/dekkbi.com\/index.php?rest_route=\/wp\/v2\/posts\/21909\/revisions\/21919"}],"wp:featuredmedia":[{"embeddable":true,"href":"https:\/\/dekkbi.com\/index.php?rest_route=\/wp\/v2\/media\/21910"}],"wp:attachment":[{"href":"https:\/\/dekkbi.com\/index.php?rest_route=%2Fwp%2Fv2%2Fmedia&parent=21909"}],"wp:term":[{"taxonomy":"category","embeddable":true,"href":"https:\/\/dekkbi.com\/index.php?rest_route=%2Fwp%2Fv2%2Fcategories&post=21909"},{"taxonomy":"post_tag","embeddable":true,"href":"https:\/\/dekkbi.com\/index.php?rest_route=%2Fwp%2Fv2%2Ftags&post=21909"}],"curies":[{"name":"wp","href":"https:\/\/api.w.org\/{rel}","templated":true}]}}