{"id":21906,"date":"2023-09-20T16:23:50","date_gmt":"2023-09-20T16:23:50","guid":{"rendered":"https:\/\/dekkbi.com\/?p=21906"},"modified":"2023-09-20T16:23:52","modified_gmt":"2023-09-20T16:23:52","slug":"gymnastique-biles-vers-ses-sixiemes-mondiaux-record-pour-une-americaine","status":"publish","type":"post","link":"https:\/\/dekkbi.com\/?p=21906","title":{"rendered":"Gymnastique: Biles vers ses sixi\u00e8mes Mondiaux, record pour une Am\u00e9ricaine"},"content":{"rendered":"\n<p>Simone Biles, revenue \u00e0 la comp\u00e9tition en ao\u00fbt apr\u00e8s une parenth\u00e8se de deux ans, s&rsquo;est qualifi\u00e9e mardi pour les Championnats du monde de gymnastique \u00e0 Anvers fin septembre, o\u00f9 elle devrait devenir la premi\u00e8re Am\u00e9ricaine \u00e0 participer \u00e0 six Mondiaux.<\/p>\n\n\n\n<p>La superstar de la gymnastique mondiale, \u00e2g\u00e9e de 26 ans, a remport\u00e9 le concours g\u00e9n\u00e9ral de la s\u00e9lection am\u00e9ricaine pour les Mondiaux, ce qui lui garantit une place au sein de l&rsquo;\u00e9quipe en Belgique, a expliqu\u00e9 la F\u00e9d\u00e9ration am\u00e9ricaine (USA Gymnastics) dans un communiqu\u00e9.<\/p>\n\n\n\n<p>Biles, qui a d\u00e9croch\u00e9 un huiti\u00e8me titre record au concours g\u00e9n\u00e9ral des Championnats nationaux fin ao\u00fbt, devient \u00ab\u00a0la premi\u00e8re Am\u00e9ricaine de l&rsquo;histoire s\u00e9lectionn\u00e9e pour six Mondiaux de gymnastique artistique\u00a0\u00bb, s&rsquo;est f\u00e9licit\u00e9 la comit\u00e9 olympique am\u00e9ricain (Team USA) sur X (anciennement Twitter).<\/p>\n\n\n\n<p>Elle pourrait \u00e9toffer sa moisson de 19 titres lors de ces Mondiaux organis\u00e9s du 30 septembre au 8 octobre dans la ville flamande, o\u00f9 elle avait ouvert son compteur en 2013 avec quatre m\u00e9dailles dont deux d&rsquo;or.<\/p>\n\n\n\n<p>Les Mondiaux arrivent neuf mois avant les JO \u00e0 Paris, o\u00f9 la quadruple m\u00e9daill\u00e9e d&rsquo;or olympique a dit r\u00e9cemment qu&rsquo;elle \u00ab\u00a0adorerait\u00a0\u00bb gagner d&rsquo;autres titres.<\/p>\n\n\n\n<p>Biles n&rsquo;a pas confirm\u00e9 sa participation aux Mondiaux mais a repost\u00e9 le message de Team USA, sans commentaire.<\/p>\n\n\n\n<p>Elle souhaitait jusqu&rsquo;\u00e0 r\u00e9cemment rester discr\u00e8te sur ses objectifs sportifs depuis son retour \u00e0 la comp\u00e9tition, voulant maintenir l&rsquo;\u00e9quilibre entre le sport et sa vie priv\u00e9e.<\/p>\n\n\n\n<p>Elle s&rsquo;\u00e9tait retir\u00e9e de la plupart des \u00e9preuves des JO-2021 au Japon pour des raisons de sant\u00e9 mentale et de s\u00e9curit\u00e9. La gymnaste avait expliqu\u00e9 avoir connu une attaque de \u00ab\u00a0twisties\u00a0\u00bb, des dangereuses pertes de rep\u00e8res dans l&rsquo;espace exposant les athl\u00e8tes \u00e0 un risque de blessure lorsqu&rsquo;ils atterrissent.<\/p>\n\n\n\n<p>Simone Biles, qui a \u00e9pous\u00e9 en avril un joueur de football am\u00e9ricain, s&rsquo;est aussi engag\u00e9e dans la lutte contre les abus sexuels apr\u00e8s avoir \u00e9t\u00e9 l&rsquo;une des victimes des agressions commis par l&rsquo;ancien m\u00e9decin de l&rsquo;\u00e9quipe nationale Larry Nassar, qui a \u00e9t\u00e9 condamn\u00e9 \u00e0 perp\u00e9tuit\u00e9 en 2018.<\/p>\n\n\n\n<p>.\/cyj\/chc<\/p>\n","protected":false},"excerpt":{"rendered":"<p>Simone Biles, revenue \u00e0 la comp\u00e9tition en ao\u00fbt apr\u00e8s une parenth\u00e8se de deux ans, s&rsquo;est qualifi\u00e9e mardi pour les Championnats<\/p>\n","protected":false},"author":1,"featured_media":21907,"comment_status":"open","ping_status":"open","sticky":false,"template":"","format":"standard","meta":{"footnotes":""},"categories":[9],"tags":[],"class_list":["post-21906","post","type-post","status-publish","format-standard","has-post-thumbnail","hentry","category-sports"],"_links":{"self":[{"href":"https:\/\/dekkbi.com\/index.php?rest_route=\/wp\/v2\/posts\/21906","targetHints":{"allow":["GET"]}}],"collection":[{"href":"https:\/\/dekkbi.com\/index.php?rest_route=\/wp\/v2\/posts"}],"about":[{"href":"https:\/\/dekkbi.com\/index.php?rest_route=\/wp\/v2\/types\/post"}],"author":[{"embeddable":true,"href":"https:\/\/dekkbi.com\/index.php?rest_route=\/wp\/v2\/users\/1"}],"replies":[{"embeddable":true,"href":"https:\/\/dekkbi.com\/index.php?rest_route=%2Fwp%2Fv2%2Fcomments&post=21906"}],"version-history":[{"count":1,"href":"https:\/\/dekkbi.com\/index.php?rest_route=\/wp\/v2\/posts\/21906\/revisions"}],"predecessor-version":[{"id":21908,"href":"https:\/\/dekkbi.com\/index.php?rest_route=\/wp\/v2\/posts\/21906\/revisions\/21908"}],"wp:featuredmedia":[{"embeddable":true,"href":"https:\/\/dekkbi.com\/index.php?rest_route=\/wp\/v2\/media\/21907"}],"wp:attachment":[{"href":"https:\/\/dekkbi.com\/index.php?rest_route=%2Fwp%2Fv2%2Fmedia&parent=21906"}],"wp:term":[{"taxonomy":"category","embeddable":true,"href":"https:\/\/dekkbi.com\/index.php?rest_route=%2Fwp%2Fv2%2Fcategories&post=21906"},{"taxonomy":"post_tag","embeddable":true,"href":"https:\/\/dekkbi.com\/index.php?rest_route=%2Fwp%2Fv2%2Ftags&post=21906"}],"curies":[{"name":"wp","href":"https:\/\/api.w.org\/{rel}","templated":true}]}}