{"id":21888,"date":"2023-09-20T14:00:38","date_gmt":"2023-09-20T14:00:38","guid":{"rendered":"https:\/\/dekkbi.com\/?p=21888"},"modified":"2023-09-20T14:00:39","modified_gmt":"2023-09-20T14:00:39","slug":"une-bouee-de-surveillance-chinoise-dans-les-eaux-du-japon-seme-la-discorde-entre-les-deux-pays","status":"publish","type":"post","link":"https:\/\/dekkbi.com\/?p=21888","title":{"rendered":"Une bou\u00e9e de surveillance chinoise dans les eaux du Japon s\u00e8me la discorde entre les deux pays"},"content":{"rendered":"\n<p>Depuis le d\u00e9but du rejet en mer par le Japon de l\u2019eau trait\u00e9e depuis la centrale nucl\u00e9aire de Fukushima, le 24 ao\u00fbt dernier, les relations sont au plus bas entre Tokyo et P\u00e9kin. Une bou\u00e9e de surveillance chinoise flottant dans les eaux japonaises les font encore monter d\u2019un cran. Le Japon a officiellement protest\u00e9 aupr\u00e8s des autorit\u00e9s chinoises et demande le \u00ab\u00a0<em>retrait imm\u00e9diat\u00a0<\/em>\u00bb de cette bou\u00e9e.<\/p>\n\n\n\n<p>C\u2019est une bou\u00e9e jaune large d\u2019une dizaine de m\u00e8tres avec une inscription chinoise qui d\u00e9clenche la col\u00e8re du Japon. Un bateau des garde-c\u00f4tes a rep\u00e9r\u00e9 l\u2019objet flottant dans les eaux de la zone \u00e9conomique exclusive du Japon le 11 juillet dernier, \u00e0 environ 80 kilom\u00e8tres au nord-ouest\u00a0<strong>des \u00eeles Senkaku<\/strong>. Des \u00eeles inhabit\u00e9es et contr\u00f4l\u00e9es par le Japon, mais revendiqu\u00e9es par la Chine sous le nom de \u00ab\u00a0Diaoyu\u00a0\u00bb.<\/p>\n\n\n\n<h2 class=\"wp-block-heading\">Le Japon demande le \u00ab&nbsp;<em>retrait imm\u00e9diat de la bou\u00e9e<\/em>&nbsp;\u00bb<\/h2>\n\n\n\n<p>\u00ab&nbsp;<em>Nous avons protest\u00e9 \u00e0 la fois \u00e0 Tokyo et \u00e0 P\u00e9kin depuis la d\u00e9couverte par les garde-c\u00f4tes japonais en juillet d&rsquo;une bou\u00e9e<\/em>&nbsp;\u00bb dans la zone \u00e9conomique exclusive (ZEE) japonaise en mer de Chine orientale, a d\u00e9clar\u00e9 \u00e0 l&rsquo;AFP un responsable du minist\u00e8re des Affaires \u00e9trang\u00e8res du Japon.&nbsp;<em>\u00ab&nbsp;Nous avons demand\u00e9 le retrait imm\u00e9diat de la bou\u00e9e<\/em>&nbsp;\u00bb, a ajout\u00e9 ce responsable sous couvert d&rsquo;anonymat.<\/p>\n\n\n\n<p>La Chine utiliserait de telles bou\u00e9es pour mesurer les courants et la hauteur des vagues afin d\u2019envoyer ses navires en toute s\u00e9curit\u00e9 dans cette zone, \u00e9crit le quotidien japonais&nbsp;<em>Yomiuri Shimbun<\/em>. Le journal souligne \u00e9galement que la convention des Nations unies sur le droit maritime interdit de telles incursions dans la ZEE d\u2019un autre pays. D\u00e9j\u00e0 en 2016 et 2018, des bou\u00e9es chinoises avaient \u00e9t\u00e9 retrouv\u00e9es dans les eaux japonaises.<\/p>\n\n\n\n<h2 class=\"wp-block-heading\">Entre Tokyo et P\u00e9kin, les tensions montent d\u2019un cran<\/h2>\n\n\n\n<p>Depuis le\u00a0<strong>rejet des eaux<\/strong>\u00a0de Fukushima,\u00a0<strong>rien ne va plus<\/strong>\u00a0entre les deux pays asiatiques : P\u00e9kin a depuis suspendu toutes\u00a0<strong>ses importations de fruits de mer<\/strong>\u00a0japonais, faisant chuter les exp\u00e9ditions de produits alimentaires du Japon \u00e0 destination de la Chine de 41,2% en ao\u00fbt, selon des donn\u00e9es publi\u00e9es ce mercredi par Tokyo.<\/p>\n\n\n\n<p>Le Japon accuse aussi P\u00e9kin d&rsquo;actes anti-japonais, comme cette vague\u00a0<strong>d&rsquo;innombrables appels t\u00e9l\u00e9phoniques<\/strong>\u00a0intempestifs re\u00e7us par son ambassade en Chine, ainsi que d&rsquo;autres organisations gouvernementales, des entreprises et des citoyens.<\/p>\n\n\n\n<p><\/p>\n\n\n\n<p>(<em>Et avec&nbsp;<\/em>AFP)<\/p>\n","protected":false},"excerpt":{"rendered":"<p>Depuis le d\u00e9but du rejet en mer par le Japon de l\u2019eau trait\u00e9e depuis la centrale nucl\u00e9aire de Fukushima, le<\/p>\n","protected":false},"author":1,"featured_media":21889,"comment_status":"open","ping_status":"open","sticky":false,"template":"","format":"standard","meta":{"footnotes":""},"categories":[51],"tags":[],"class_list":["post-21888","post","type-post","status-publish","format-standard","has-post-thumbnail","hentry","category-general"],"_links":{"self":[{"href":"https:\/\/dekkbi.com\/index.php?rest_route=\/wp\/v2\/posts\/21888","targetHints":{"allow":["GET"]}}],"collection":[{"href":"https:\/\/dekkbi.com\/index.php?rest_route=\/wp\/v2\/posts"}],"about":[{"href":"https:\/\/dekkbi.com\/index.php?rest_route=\/wp\/v2\/types\/post"}],"author":[{"embeddable":true,"href":"https:\/\/dekkbi.com\/index.php?rest_route=\/wp\/v2\/users\/1"}],"replies":[{"embeddable":true,"href":"https:\/\/dekkbi.com\/index.php?rest_route=%2Fwp%2Fv2%2Fcomments&post=21888"}],"version-history":[{"count":1,"href":"https:\/\/dekkbi.com\/index.php?rest_route=\/wp\/v2\/posts\/21888\/revisions"}],"predecessor-version":[{"id":21890,"href":"https:\/\/dekkbi.com\/index.php?rest_route=\/wp\/v2\/posts\/21888\/revisions\/21890"}],"wp:featuredmedia":[{"embeddable":true,"href":"https:\/\/dekkbi.com\/index.php?rest_route=\/wp\/v2\/media\/21889"}],"wp:attachment":[{"href":"https:\/\/dekkbi.com\/index.php?rest_route=%2Fwp%2Fv2%2Fmedia&parent=21888"}],"wp:term":[{"taxonomy":"category","embeddable":true,"href":"https:\/\/dekkbi.com\/index.php?rest_route=%2Fwp%2Fv2%2Fcategories&post=21888"},{"taxonomy":"post_tag","embeddable":true,"href":"https:\/\/dekkbi.com\/index.php?rest_route=%2Fwp%2Fv2%2Ftags&post=21888"}],"curies":[{"name":"wp","href":"https:\/\/api.w.org\/{rel}","templated":true}]}}