{"id":21829,"date":"2023-09-19T16:44:37","date_gmt":"2023-09-19T16:44:37","guid":{"rendered":"https:\/\/dekkbi.com\/?p=21829"},"modified":"2023-09-19T16:51:31","modified_gmt":"2023-09-19T16:51:31","slug":"sedhiou-recherches-actives-des-strategies-pour-la-souverainete-alimentaire-le-cncr-et-les-acteurs-non-etatiques-elaborent-la-feuille-de-route","status":"publish","type":"post","link":"https:\/\/dekkbi.com\/?p=21829","title":{"rendered":"S\u00e9dhiou : recherches actives des strat\u00e9gies pour la souverainet\u00e9 alimentaire"},"content":{"rendered":"\n<p><strong>Un atelier de deux jours est ouvert \u00e0 S\u00e9dhiou hier, lundi 18 septembre dans le but d\u2019\u00e9laborer un plan strat\u00e9gique de r\u00e9silience face aux chocs exog\u00e8nes qui \u00e9tranglent l\u2019\u00e9conomie nationale et les propensions de la souverainet\u00e9 alimentaire. C\u2019est une initiative du Cadre national de concertation des ruraux (CNCR) de concert avec les acteurs non-\u00e9tatiques. Les grandes d\u00e9cisions seront consign\u00e9es dans une feuille de route en m\u00eame temps que celles produites dans d\u2019autres r\u00e9gions et qui aideront sans doute \u00e0 la prise de d\u00e9cision sur les orientations en mati\u00e8re de s\u00e9curit\u00e9 alimentaire au S\u00e9n\u00e9gal.<\/strong><\/p>\n\n\n\n<p>Face \u00e0 la crise \u00e9conomique persistante n\u00e9e de la survenue de la pand\u00e9mie \u00e0 coronavirus suivie de la guerre dans le Donbass entre la Russie et l\u2019Ukraine, les membres du Cadre national de concertation des ruraux (CNCR) et les acteurs non-\u00e9tatiques du S\u00e9n\u00e9gal ont engag\u00e9 une recherche de strat\u00e9gie durable \u00e0 la souverainet\u00e9 alimentaire. C\u2019est tout le sens de cet atelier de deux jours ouverts hier, lundi 18 septembre \u00e0 S\u00e9dhiou et qui regroupe diverses organisations paysannes et de la soci\u00e9t\u00e9 civile. Amadou Mactar M\u2019bodji, le secr\u00e9taire g\u00e9n\u00e9ral du CNCR&nbsp;note que \u00abc\u2019est surtout pour travailler sur les m\u00e9canismes de la souverainet\u00e9 alimentaire par ces concertations inclusives pour que les diff\u00e9rents acteurs \u00e0 la base puissent participer \u00e0 la mise en \u0153uvre\u00bb. \u00abEt in fine, nous allons produire un document solide en termes de propositions \u00e0 remettre \u00e0 l\u2019Etat&nbsp;\u00bb, d\u00e9clare-t-il.<\/p>\n\n\n\n<p>Quatre th\u00e9matiques sont \u00e0 l\u2019\u00e9tude et dont les r\u00e9sultats doivent aboutir \u00e0 la formulation des strat\u00e9gies de r\u00e9silience et d\u2019autosuffisance alimentaire a ajout\u00e9 Amadou Mactar M\u2019bodji du CNCR.<\/p>\n\n\n\n<p>\u00abIl s\u2019agit du foncier, du financement, l\u2019emploi des jeunes et sur la loi d\u2019orientation agro-sylvo pastorale que nous devrons vraiment \u00e9valuer car cette loi a \u00e9t\u00e9 cr\u00e9\u00e9e en 2004. Et dans cette dynamique, nous osons esp\u00e9rer que le S\u00e9n\u00e9gal pourra atteindre les objectifs de l\u2019autosuffisance alimentaire et pour tous les produits cultiv\u00e9s au S\u00e9n\u00e9gal&nbsp;\u00bb.<\/p>\n\n\n\n<p>Certes, les contraintes ne manquent pas, rel\u00e8ve Mamadou Mansour Seck le pr\u00e9sident du cadre r\u00e9gional de concertation des ruraux de Kolda, mais il s\u2019empresse d\u2019inviter ses pairs \u00e0 une organisation interne pour atteindre ces objectifs.&nbsp;\u00abNous sommes un regroupement d\u2019acteurs venus d\u2019horizons divers. Donc, il y a lieu de cr\u00e9er une synergie et voir la possibilit\u00e9 de s\u2019autofinancer d\u2019abord au lieu d\u2019attendre toujours de l\u2019ext\u00e9rieur. L\u2019Etat aussi doit nous aider car nous faisons face \u00e0 des contraintes majeures malgr\u00e9 l\u2019accompagnement de l\u2019Etat. Il s\u2019agit notamment de l\u2019acc\u00e8s au financement et \u00e0 la terre, la divagation et les poches de s\u00e9cheresse entre autres\u00bb, a indiqu\u00e9 Mamadou Mansour Seck du CRCR de Kolda.<\/p>\n\n\n\n<p>Les conclusions feront l\u2019objet d\u2019un document cadre pour aider les d\u00e9cideurs \u00e0 mieux s\u2019orienter sur les enjeux et les priorit\u00e9s sp\u00e9cifiques \u00e0 chaque zone du pays.<\/p>\n\n\n\n<p><strong>Moussa DRAME<\/strong><\/p>\n\n\n\n<p>SUDQUOTIDIEN<\/p>\n","protected":false},"excerpt":{"rendered":"<p>Un atelier de deux jours est ouvert \u00e0 S\u00e9dhiou hier, lundi 18 septembre dans le but d\u2019\u00e9laborer un plan strat\u00e9gique<\/p>\n","protected":false},"author":1,"featured_media":13552,"comment_status":"open","ping_status":"open","sticky":false,"template":"","format":"standard","meta":{"footnotes":""},"categories":[3],"tags":[],"class_list":["post-21829","post","type-post","status-publish","format-standard","has-post-thumbnail","hentry","category-event-more-news"],"_links":{"self":[{"href":"https:\/\/dekkbi.com\/index.php?rest_route=\/wp\/v2\/posts\/21829","targetHints":{"allow":["GET"]}}],"collection":[{"href":"https:\/\/dekkbi.com\/index.php?rest_route=\/wp\/v2\/posts"}],"about":[{"href":"https:\/\/dekkbi.com\/index.php?rest_route=\/wp\/v2\/types\/post"}],"author":[{"embeddable":true,"href":"https:\/\/dekkbi.com\/index.php?rest_route=\/wp\/v2\/users\/1"}],"replies":[{"embeddable":true,"href":"https:\/\/dekkbi.com\/index.php?rest_route=%2Fwp%2Fv2%2Fcomments&post=21829"}],"version-history":[{"count":2,"href":"https:\/\/dekkbi.com\/index.php?rest_route=\/wp\/v2\/posts\/21829\/revisions"}],"predecessor-version":[{"id":21834,"href":"https:\/\/dekkbi.com\/index.php?rest_route=\/wp\/v2\/posts\/21829\/revisions\/21834"}],"wp:featuredmedia":[{"embeddable":true,"href":"https:\/\/dekkbi.com\/index.php?rest_route=\/wp\/v2\/media\/13552"}],"wp:attachment":[{"href":"https:\/\/dekkbi.com\/index.php?rest_route=%2Fwp%2Fv2%2Fmedia&parent=21829"}],"wp:term":[{"taxonomy":"category","embeddable":true,"href":"https:\/\/dekkbi.com\/index.php?rest_route=%2Fwp%2Fv2%2Fcategories&post=21829"},{"taxonomy":"post_tag","embeddable":true,"href":"https:\/\/dekkbi.com\/index.php?rest_route=%2Fwp%2Fv2%2Ftags&post=21829"}],"curies":[{"name":"wp","href":"https:\/\/api.w.org\/{rel}","templated":true}]}}