{"id":21810,"date":"2023-09-19T14:43:14","date_gmt":"2023-09-19T14:43:14","guid":{"rendered":"https:\/\/dekkbi.com\/?p=21810"},"modified":"2023-09-19T14:43:16","modified_gmt":"2023-09-19T14:43:16","slug":"rafael-nadal-je-suis-impatient-de-rejouer-mais-je-ne-pense-pas-a-gagner-dautres-grands-chelems","status":"publish","type":"post","link":"https:\/\/dekkbi.com\/?p=21810","title":{"rendered":"Rafael Nadal: \u201cJe suis impatient de rejouer, mais je ne pense pas \u00e0 gagner d\u2019autres Grands Chelems\u201d"},"content":{"rendered":"\n<p>La l\u00e9gende du tennis espagnol Rafael Nadal, 37 ans, a r\u00e9affirm\u00e9 lundi que 2024 serait \u201cpeut-\u00eatre\u201d l\u2019ann\u00e9e de sa retraite, apr\u00e8s huit mois d\u2019absence et deux op\u00e9rations li\u00e9es \u00e0 sa blessure \u00e0 la hanche.<\/p>\n\n\n\n<p>\u201cJ\u2019ai dit qu\u2019il \u00e9tait possible que 2024 soit ma derni\u00e8re ann\u00e9e, je le maintiens, mais je ne peux pas le confirmer \u00e0 100% parce que je ne le sais pas\u201d, a d\u00e9clar\u00e9 Rafael Nadal dans une interview \u00e0 la cha\u00eene Movistar+, affirmant \u00eatre \u201cimpatient de jouer \u00e0 nouveau et d\u2019\u00eatre \u00e0 nouveau comp\u00e9titif\u201d.<\/p>\n\n\n\n<p>\u201cMais l\u2019id\u00e9e n\u2019est pas de revenir pour gagner Roland-Garros ou l\u2019Open d\u2019Australie. Que les gens ne soient pas surpris, tout cela est bien loin, je suis conscient des difficult\u00e9s que je rencontre\u201d, a poursuivi l\u2019Espagnol, 22 titres du Grand Chelem au compteur, \u00e9voquant son \u201c\u00e2ge\u201d et ses \u201cprobl\u00e8mes physiques\u201d.<\/p>\n\n\n\n<p>Le 18 mai dernier, Nadal avait d\u00e9clar\u00e9 forfait pour Roland-Garros, tournoi qu\u2019il a remport\u00e9 \u00e0 quatorze reprises, \u00e0 cause d\u2019une blessure \u00e0 la hanche gauche contract\u00e9e \u00e0 l\u2019Open d\u2019Australie en janvier. Lundi, il a r\u00e9v\u00e9l\u00e9 avoir \u00e9t\u00e9 op\u00e9r\u00e9 au psoas et \u00e0 la hanche il y a quelques mois.<\/p>\n\n\n\n<h2 class=\"wp-block-heading\">\u201cLe record de titres en Grands Chelems? Cela ne me frustre pas\u201d<\/h2>\n\n\n\n<p>\u201cEst-ce que j\u2019aurais aim\u00e9 \u00eatre le joueur de tennis avec le plus grand nombre de Grands Chelems? Sans aucun doute. (&#8230;) mais cela ne me frustre pas\u201d, a-t-il aussi affirm\u00e9, ajoutant qu\u2019il n\u2019en fait pas \u201cune obsession\u201d.<\/p>\n\n\n\n<p>\u201cJe pense que Novak (Djokovic qui vient de d\u00e9crocher son 24e titre majeur \u00e0 l\u2019US Open, Ndlr) vit cela d\u2019une mani\u00e8re plus intense que je ne le fais\u201d, a t-il poursuivi, estimant que la \u201cfrustration\u201d de ne pas y parvenir aurait \u00e9t\u00e9 plus grande pour le Serbe.<\/p>\n\n\n\n<p>\u00c9voquant enfin Carlos Alcaraz, pr\u00e9sent\u00e9 comme son h\u00e9ritier, Nadal a jug\u00e9 qu\u2019il avait \u201cle potentiel pour tout\u201d. Mais \u201csi je devais lui dire quelque chose, ce serait de continuer \u00e0 s\u2019am\u00e9liorer\u201d.<\/p>\n","protected":false},"excerpt":{"rendered":"<p>La l\u00e9gende du tennis espagnol Rafael Nadal, 37 ans, a r\u00e9affirm\u00e9 lundi que 2024 serait \u201cpeut-\u00eatre\u201d l\u2019ann\u00e9e de sa retraite,<\/p>\n","protected":false},"author":1,"featured_media":21811,"comment_status":"open","ping_status":"open","sticky":false,"template":"","format":"standard","meta":{"footnotes":""},"categories":[9],"tags":[],"class_list":["post-21810","post","type-post","status-publish","format-standard","has-post-thumbnail","hentry","category-sports"],"_links":{"self":[{"href":"https:\/\/dekkbi.com\/index.php?rest_route=\/wp\/v2\/posts\/21810","targetHints":{"allow":["GET"]}}],"collection":[{"href":"https:\/\/dekkbi.com\/index.php?rest_route=\/wp\/v2\/posts"}],"about":[{"href":"https:\/\/dekkbi.com\/index.php?rest_route=\/wp\/v2\/types\/post"}],"author":[{"embeddable":true,"href":"https:\/\/dekkbi.com\/index.php?rest_route=\/wp\/v2\/users\/1"}],"replies":[{"embeddable":true,"href":"https:\/\/dekkbi.com\/index.php?rest_route=%2Fwp%2Fv2%2Fcomments&post=21810"}],"version-history":[{"count":1,"href":"https:\/\/dekkbi.com\/index.php?rest_route=\/wp\/v2\/posts\/21810\/revisions"}],"predecessor-version":[{"id":21812,"href":"https:\/\/dekkbi.com\/index.php?rest_route=\/wp\/v2\/posts\/21810\/revisions\/21812"}],"wp:featuredmedia":[{"embeddable":true,"href":"https:\/\/dekkbi.com\/index.php?rest_route=\/wp\/v2\/media\/21811"}],"wp:attachment":[{"href":"https:\/\/dekkbi.com\/index.php?rest_route=%2Fwp%2Fv2%2Fmedia&parent=21810"}],"wp:term":[{"taxonomy":"category","embeddable":true,"href":"https:\/\/dekkbi.com\/index.php?rest_route=%2Fwp%2Fv2%2Fcategories&post=21810"},{"taxonomy":"post_tag","embeddable":true,"href":"https:\/\/dekkbi.com\/index.php?rest_route=%2Fwp%2Fv2%2Ftags&post=21810"}],"curies":[{"name":"wp","href":"https:\/\/api.w.org\/{rel}","templated":true}]}}