{"id":21793,"date":"2023-09-19T12:26:19","date_gmt":"2023-09-19T12:26:19","guid":{"rendered":"https:\/\/dekkbi.com\/?p=21793"},"modified":"2023-09-19T16:19:06","modified_gmt":"2023-09-19T16:19:06","slug":"libye-jai-vu-des-images-apocalyptiques-et-le-desespoir-dans-les-yeux-des-survivants","status":"publish","type":"post","link":"https:\/\/dekkbi.com\/?p=21793","title":{"rendered":"Libye: \u00ab\u00a0J\u2019ai vu des images apocalyptiques\u00a0\u00bb"},"content":{"rendered":"\n<p>Une semaine apr\u00e8s les inondations d\u00e9vastatrices qui ont fait des milliers de morts dans la ville libyenne de Derna, secouristes locaux et \u00e9trangers s&rsquo;activent pour rechercher les corps de milliers d&rsquo;autres personnes toujours port\u00e9es disparues. Les derniers bilans restent tr\u00e8s impr\u00e9cis et oscillent entre plus de 3 000 et m\u00eame 11 000 victimes. Le repr\u00e9sentant des Nations unies pour la Libye, Abdoulaye Bathily, a pu, ce 16 septembre 2023, se rendre \u00e0 Derna, \u00e9picentre de la catastrophe.<\/p>\n\n\n\n<p>Le diplomate s\u00e9n\u00e9galais est l&rsquo;invit\u00e9 d&rsquo;Afrique matin au micro de S\u00e9bastien N\u00e9meth.<br><br><strong>Abdoulaye Bathily, qu\u2019avez-vous vu \u00e0 Derna ?<br><br><\/strong>J\u2019ai vu des images apocalyptiques, un paysage hallucinant et le d\u00e9sespoir dans les yeux des survivants.<br><br><strong>Quelles images vous-ont particuli\u00e8rement marqu\u00e9es lors de votre passage l\u00e0-bas ?<br><br><\/strong>Des immeubles entiers qui se sont effondr\u00e9s. Et au centre-ville, une odeur pestilentielle, qui montrait qu\u2019il y avait encore des corps ensevelis sous les d\u00e9combres, qui commen\u00e7aient d\u00e9j\u00e0 \u00e0 d\u00e9gager cette odeur. C\u2019est quelque chose d\u2019insoutenable. Ce sont des images de chaos. Une ville fant\u00f4me o\u00f9 les Caterpillar \u00e9taient d\u00e9j\u00e0 en train de travailler dans les d\u00e9combres. Et naturellement, des populations compl\u00e9tement d\u00e9boussol\u00e9es. Mais aussi, une image r\u00e9confortante : celle de gens venus de partout pour aider les populations de Derna, pour sortir de ce chaos.<br><br><strong>Est-ce que sur place les secours sont organis\u00e9s correctement ?<\/strong><br><br>M\u00eame dans un pays normal, quand une catastrophe de cette ampleur se produit, on peut comprendre, l\u2019effet de surprise aidant, que les gens ne soient pas pr\u00e9par\u00e9s. Mais la division du pays, puisqu\u2019il y a deux gouvernements qui se disputent l\u2019autorit\u00e9 sur tout le territoire libyen, et ces gouvernements eux-m\u00eames, ne sont pas pr\u00e9par\u00e9s \u00e0 organiser les secours de mani\u00e8re conjointe pour accueillir les \u00e9trangers qui viennent aider. Alors, il y a effectivement du flottement. Mais dans une ambiance marqu\u00e9e par une volont\u00e9 quand m\u00eame de bien faire, et de mieux faire.<br><br><strong>Vous avez le sentiment que face \u00e0 cette catastrophe, la ligne de fracture est-ouest s\u2019estompe un peu ?<\/strong><br><br>Il y a certains indices, oui. Par exemple, les militaires se sont mis tous ensemble pour appuyer les secours. Ils ont mis en place un centre d\u2019op\u00e9ration conjoint. Mais \u00e9galement, les gens sont venus de l\u2019ouest pour aider leurs fr\u00e8res. \u00c7a, c\u2019est une chose remarquable. Mais si le pays \u00e9tait uni, les choses auraient \u00e9t\u00e9 beaucoup plus faciles.<br><br><strong>Face \u00e0 une catastrophe d\u2019une telle ampleur, la mobilisation internationale vous semble-t-elle suffisante ?<br><br><\/strong>Elle est suffisante, mais on peut dire aussi qu\u2019elle n\u2019est pas suffisante, \u00e0 la mesure de l\u2019ampleur de la catastrophe. Et compte tenu de l\u2019\u00e9loignement du site, les conditions de transport ne sont pas faciles. Les barrages ont \u00e9t\u00e9 coup\u00e9s. Les ponts ont \u00e9t\u00e9 coup\u00e9s. La ville n\u2019est pas aussi accessible. Ce n\u2019est qu\u2019il y a que deux jours qu\u2019on a commenc\u00e9 \u00e0 faire des routes de fortune pour acc\u00e9der \u00e0 la ville. Des efforts sont faits, mais, \u00e0 mon avis, ce n\u2019est pas encore suffisant, compte tenu des obstacles. Mais il faut dire aussi que la Libye a suffisamment de moyens. Le gouvernement de l\u2019ouest a annonc\u00e9 un appui financier cons\u00e9quent. Le Parlement a annonc\u00e9 \u00e9galement un budget de presque 3 milliards de dollars. La Libye a assez de moyens par elle-m\u00eame pour faire face \u00e0 cette catastrophe, sur le plan financier. Maintenant, sur le plan de l\u2019organisation, c\u2019est s\u00fbr que la Libye n\u2019a pas assez de moyens techniques, de moyens op\u00e9rationnels, pour rendre effectif ce soutien.<br><br><strong>La fracture est-ouest, au niveau politique, est-ce qu\u2019elle n\u2019aggrave pas les cons\u00e9quences de cette crise ?<br><br><\/strong>Certainement. Si des mesures ad\u00e9quates avaient \u00e9t\u00e9 prises, en tenant compte des alertes qui ont \u00e9t\u00e9 lanc\u00e9es, cela aurait pu amoindrir les cons\u00e9quences d\u00e9sastreuses. S\u2019il y avait une r\u00e9ponse collective, conjointe, unifi\u00e9e, d\u2019un \u00c9tat organis\u00e9, les cons\u00e9quences auraient \u00e9t\u00e9 moindres. Le procureur g\u00e9n\u00e9ral est en train, \u00e0 l\u2019heure actuelle, de mener une enqu\u00eate sur toutes les conditions de l\u2019aggravation de cette crise. Mais il est clair que l\u2019\u00e9tat du pays, sur le plan politique, a d\u00fb aggraver incontestablement cette situation. Tant que la Libye restera dans cette situation de d\u00e9sorganisation politique, o\u00f9 l\u2019\u00c9tat n\u2019existe presque plus, o\u00f9 il n\u2019y a pas d\u2019unit\u00e9 de leadership politique, o\u00f9 le pays reste divis\u00e9 entre des groupes politiques rivaux, plus int\u00e9ress\u00e9s au maintien de leur position qu\u2019\u00e0 l\u2019int\u00e9r\u00eat g\u00e9n\u00e9ral des populations, \u00e9videmment une telle catastrophe aura des cons\u00e9quences amplifi\u00e9es.<br><br><strong>Apr\u00e8s votre passage \u00e0 Derna, quel est votre message aujourd\u2019hui aux populations de la r\u00e9gion, et de la Libye tout enti\u00e8re ?<br><br><\/strong>Un message d\u2019unit\u00e9 pour les populations. Elles aspirent \u00e0 l\u2019unit\u00e9 de leur pays, \u00e0 l\u2019int\u00e9grit\u00e9 territoriale de leur pays, \u00e0 b\u00e9n\u00e9ficier des \u00e9normes ressources dont elles disposent. Ces richesses doivent \u00eatre pour la Libye, elles ne doivent pas \u00eatre au profit de quelques individus. Les responsables libyens ont aujourd\u2019hui en effet une responsabilit\u00e9 politique et morale d\u2019unifier leur pays, de mettre de c\u00f4t\u00e9 leur \u00e9go\u00efsme, leur cupidit\u00e9, pour servir leur peuple. Il faut un pays unifi\u00e9, qui sera dirig\u00e9 par des responsables \u00e9lus, et qui seront comptables de leurs actions.<\/p>\n\n\n\n<p>SOURCE IGFM<\/p>\n","protected":false},"excerpt":{"rendered":"<p>Une semaine apr\u00e8s les inondations d\u00e9vastatrices qui ont fait des milliers de morts dans la ville libyenne de Derna, secouristes<\/p>\n","protected":false},"author":1,"featured_media":21794,"comment_status":"open","ping_status":"open","sticky":false,"template":"","format":"standard","meta":{"footnotes":""},"categories":[26],"tags":[],"class_list":["post-21793","post","type-post","status-publish","format-standard","has-post-thumbnail","hentry","category-fait-divers"],"_links":{"self":[{"href":"https:\/\/dekkbi.com\/index.php?rest_route=\/wp\/v2\/posts\/21793","targetHints":{"allow":["GET"]}}],"collection":[{"href":"https:\/\/dekkbi.com\/index.php?rest_route=\/wp\/v2\/posts"}],"about":[{"href":"https:\/\/dekkbi.com\/index.php?rest_route=\/wp\/v2\/types\/post"}],"author":[{"embeddable":true,"href":"https:\/\/dekkbi.com\/index.php?rest_route=\/wp\/v2\/users\/1"}],"replies":[{"embeddable":true,"href":"https:\/\/dekkbi.com\/index.php?rest_route=%2Fwp%2Fv2%2Fcomments&post=21793"}],"version-history":[{"count":2,"href":"https:\/\/dekkbi.com\/index.php?rest_route=\/wp\/v2\/posts\/21793\/revisions"}],"predecessor-version":[{"id":21825,"href":"https:\/\/dekkbi.com\/index.php?rest_route=\/wp\/v2\/posts\/21793\/revisions\/21825"}],"wp:featuredmedia":[{"embeddable":true,"href":"https:\/\/dekkbi.com\/index.php?rest_route=\/wp\/v2\/media\/21794"}],"wp:attachment":[{"href":"https:\/\/dekkbi.com\/index.php?rest_route=%2Fwp%2Fv2%2Fmedia&parent=21793"}],"wp:term":[{"taxonomy":"category","embeddable":true,"href":"https:\/\/dekkbi.com\/index.php?rest_route=%2Fwp%2Fv2%2Fcategories&post=21793"},{"taxonomy":"post_tag","embeddable":true,"href":"https:\/\/dekkbi.com\/index.php?rest_route=%2Fwp%2Fv2%2Ftags&post=21793"}],"curies":[{"name":"wp","href":"https:\/\/api.w.org\/{rel}","templated":true}]}}