{"id":21779,"date":"2023-09-19T11:56:04","date_gmt":"2023-09-19T11:56:04","guid":{"rendered":"https:\/\/dekkbi.com\/?p=21779"},"modified":"2023-09-19T11:56:05","modified_gmt":"2023-09-19T11:56:05","slug":"youssou-ndour-si-le-senegal-a-besoin-de-moi-je-suis-disponible","status":"publish","type":"post","link":"https:\/\/dekkbi.com\/?p=21779","title":{"rendered":"Youssou Ndour: \u00ab Si le S\u00e9n\u00e9gal a besoin de moi, je suis disponible \u00bb"},"content":{"rendered":"\n<p>iGFM &#8211; (Dakar) \u00abMoi, je suis pr\u00eat. Ce qui m\u2019int\u00e9resse, c\u2019est le S\u00e9n\u00e9gal, c\u2019est la paix. Je ne veux pas de mort. Si le S\u00e9n\u00e9gal a besoin de moi, je suis disponible \u00bb, a assur\u00e9 M. Youssou Ndour lors de son passage dans l\u2019\u00e9mission \u00ab &nbsp;6\/9 \u00bb de France Inter, le week-end dernier.<\/p>\n\n\n\n<p>D\u00e9but septembre, le chanteur s\u00e9n\u00e9galais, Youssou Ndour, a d\u00e9missionn\u00e9 de son poste de ministre conseiller de Macky Sall. Lors de son passage dans l\u2019\u00e9mission \u00ab \u00a06\/9 \u00bb de France Inter, le weekend \u00e9coul\u00e9, l\u2019artiste a \u00e9voqu\u00e9 ce d\u00e9part de la pr\u00e9sidence s\u00e9n\u00e9galaise. \u00a0Quand on lui demande s\u2019il sera candidat \u00e0 la Pr\u00e9sidentielle de 2024, il rappelle qu\u2019on est encore en 2023, \u00ab \u00a0m\u00eame s\u2019il y a (d\u00e9j\u00e0) beaucoup de d\u00e9clarations de candidature \u00bb. Mais, il se dit pr\u00eat et disponible si le S\u00e9n\u00e9gal a besoin de lui.<\/p>\n\n\n\n<p>\u00ab Nous pensons que le compagnonnage est fini \u00bb<\/p>\n\n\n\n<p>Il est revenu aussi sur la fin du \u00ab compagnonnage \u00bb avec le pr\u00e9sident Macky Sall. Il fallait partir pour \u00ab faire le point \u00bb. \u00ab Nous sommes rest\u00e9s 12 ans pratiquement ensemble, avec les deux mandats. Aujourd\u2019hui, il (Macky Sall) ne se repr\u00e9sente plus. Nous pensons que le compagnonnage est fini et on a demand\u00e9 de quitter la fonction pour faire le point \u00bb, a d\u00e9clar\u00e9 l\u2019homme politique. &nbsp;<br><\/p>\n\n\n\n<p>Youssou Ndour a par ailleurs \u00e9voqu\u00e9 les derni\u00e8res tensions politiques &nbsp;au S\u00e9n\u00e9gal. Il a regrett\u00e9 les pertes en vies humaines.<\/p>\n\n\n\n<p>Aujourd\u2019hui, l\u2019ancien conseiller \u00a0se r\u00e9jouit du retour au calme. \u00ab Le S\u00e9n\u00e9gal, \u00e7a va. C\u2019est un pays qui a beaucoup de ressorts\u2026 Le S\u00e9n\u00e9gal est debout et (reste) un pays d\u00e9mocratique \u00bb, a-t-il d\u00e9clar\u00e9. \u00a0\u00a0<\/p>\n\n\n\n<p><\/p>\n","protected":false},"excerpt":{"rendered":"<p>iGFM &#8211; (Dakar) \u00abMoi, je suis pr\u00eat. Ce qui m\u2019int\u00e9resse, c\u2019est le S\u00e9n\u00e9gal, c\u2019est la paix. Je ne veux pas<\/p>\n","protected":false},"author":1,"featured_media":21780,"comment_status":"open","ping_status":"open","sticky":false,"template":"","format":"standard","meta":{"footnotes":""},"categories":[6],"tags":[],"class_list":["post-21779","post","type-post","status-publish","format-standard","has-post-thumbnail","hentry","category-politics"],"_links":{"self":[{"href":"https:\/\/dekkbi.com\/index.php?rest_route=\/wp\/v2\/posts\/21779","targetHints":{"allow":["GET"]}}],"collection":[{"href":"https:\/\/dekkbi.com\/index.php?rest_route=\/wp\/v2\/posts"}],"about":[{"href":"https:\/\/dekkbi.com\/index.php?rest_route=\/wp\/v2\/types\/post"}],"author":[{"embeddable":true,"href":"https:\/\/dekkbi.com\/index.php?rest_route=\/wp\/v2\/users\/1"}],"replies":[{"embeddable":true,"href":"https:\/\/dekkbi.com\/index.php?rest_route=%2Fwp%2Fv2%2Fcomments&post=21779"}],"version-history":[{"count":1,"href":"https:\/\/dekkbi.com\/index.php?rest_route=\/wp\/v2\/posts\/21779\/revisions"}],"predecessor-version":[{"id":21781,"href":"https:\/\/dekkbi.com\/index.php?rest_route=\/wp\/v2\/posts\/21779\/revisions\/21781"}],"wp:featuredmedia":[{"embeddable":true,"href":"https:\/\/dekkbi.com\/index.php?rest_route=\/wp\/v2\/media\/21780"}],"wp:attachment":[{"href":"https:\/\/dekkbi.com\/index.php?rest_route=%2Fwp%2Fv2%2Fmedia&parent=21779"}],"wp:term":[{"taxonomy":"category","embeddable":true,"href":"https:\/\/dekkbi.com\/index.php?rest_route=%2Fwp%2Fv2%2Fcategories&post=21779"},{"taxonomy":"post_tag","embeddable":true,"href":"https:\/\/dekkbi.com\/index.php?rest_route=%2Fwp%2Fv2%2Ftags&post=21779"}],"curies":[{"name":"wp","href":"https:\/\/api.w.org\/{rel}","templated":true}]}}