{"id":21773,"date":"2023-09-19T11:23:14","date_gmt":"2023-09-19T11:23:14","guid":{"rendered":"https:\/\/dekkbi.com\/?p=21773"},"modified":"2023-09-19T11:24:11","modified_gmt":"2023-09-19T11:24:11","slug":"tournee-malick-gackou-encore-bloque-dans-le-nord","status":"publish","type":"post","link":"https:\/\/dekkbi.com\/?p=21773","title":{"rendered":"Tourn\u00e9e : Malick Gackou encore bloqu\u00e9 dans le nord !"},"content":{"rendered":"\n<p>iGFM &#8211; (Dakar) Candidat d\u00e9clar\u00e9 \u00e0 la pr\u00e9sidentielle de 2024, Malick Gackou a entam\u00e9 une tourn\u00e9e dans le nord du pays. Ce lundi, il a vu son convoi bloqu\u00e9 par les forces de l\u2019ordre.<\/p>\n\n\n\n<p>Malick Gackou a poursuivi sa tourn\u00e9e dans le nord. Ce lundi, il est \u00e0 Matam. Mais, le convoi a \u00e9t\u00e9 bloqu\u00e9 par la police. Malick Gackou et son directeur de campagne Ameth Aidara&nbsp; sont actuellement avec les policiers, selon des responsables de la coalition. Ils risquent d\u2019\u00eatre convoy\u00e9s sur Dakar indiquent les m\u00eames sources.<br><br>Vendredi dernier, le pr\u00e9fet de Kanel avait interdit, pour la p\u00e9riode du 18 au 19 septembre 2023, toute manifestation sur la voie publique, sous forme de procession, cort\u00e8ge ou rassemblement.<\/p>\n","protected":false},"excerpt":{"rendered":"<p>iGFM &#8211; (Dakar) Candidat d\u00e9clar\u00e9 \u00e0 la pr\u00e9sidentielle de 2024, Malick Gackou a entam\u00e9 une tourn\u00e9e dans le nord du<\/p>\n","protected":false},"author":1,"featured_media":21774,"comment_status":"open","ping_status":"open","sticky":false,"template":"","format":"standard","meta":{"footnotes":""},"categories":[6],"tags":[],"class_list":["post-21773","post","type-post","status-publish","format-standard","has-post-thumbnail","hentry","category-politics"],"_links":{"self":[{"href":"https:\/\/dekkbi.com\/index.php?rest_route=\/wp\/v2\/posts\/21773","targetHints":{"allow":["GET"]}}],"collection":[{"href":"https:\/\/dekkbi.com\/index.php?rest_route=\/wp\/v2\/posts"}],"about":[{"href":"https:\/\/dekkbi.com\/index.php?rest_route=\/wp\/v2\/types\/post"}],"author":[{"embeddable":true,"href":"https:\/\/dekkbi.com\/index.php?rest_route=\/wp\/v2\/users\/1"}],"replies":[{"embeddable":true,"href":"https:\/\/dekkbi.com\/index.php?rest_route=%2Fwp%2Fv2%2Fcomments&post=21773"}],"version-history":[{"count":1,"href":"https:\/\/dekkbi.com\/index.php?rest_route=\/wp\/v2\/posts\/21773\/revisions"}],"predecessor-version":[{"id":21775,"href":"https:\/\/dekkbi.com\/index.php?rest_route=\/wp\/v2\/posts\/21773\/revisions\/21775"}],"wp:featuredmedia":[{"embeddable":true,"href":"https:\/\/dekkbi.com\/index.php?rest_route=\/wp\/v2\/media\/21774"}],"wp:attachment":[{"href":"https:\/\/dekkbi.com\/index.php?rest_route=%2Fwp%2Fv2%2Fmedia&parent=21773"}],"wp:term":[{"taxonomy":"category","embeddable":true,"href":"https:\/\/dekkbi.com\/index.php?rest_route=%2Fwp%2Fv2%2Fcategories&post=21773"},{"taxonomy":"post_tag","embeddable":true,"href":"https:\/\/dekkbi.com\/index.php?rest_route=%2Fwp%2Fv2%2Ftags&post=21773"}],"curies":[{"name":"wp","href":"https:\/\/api.w.org\/{rel}","templated":true}]}}