{"id":21750,"date":"2023-09-18T16:11:15","date_gmt":"2023-09-18T16:11:15","guid":{"rendered":"https:\/\/dekkbi.com\/?p=21750"},"modified":"2023-09-18T16:11:16","modified_gmt":"2023-09-18T16:11:16","slug":"apple-presente-liphone-15-muni-du-port-de-chargement-universel","status":"publish","type":"post","link":"https:\/\/dekkbi.com\/?p=21750","title":{"rendered":"Apple pr\u00e9sente l\u2019iPhone 15, muni du port de chargement universel"},"content":{"rendered":"\n<p><strong>Apple a fini par c\u00e9der : le g\u00e9ant californien a int\u00e9gr\u00e9 le port universel de chargement dit \u201cUSB-C\u201d \u00e0 sa nouvelle gamme d\u2019iPhone pr\u00e9sent\u00e9e, un an avant d\u2019y \u00eatre oblig\u00e9 par une loi europ\u00e9enne qu\u2019il a longtemps combattu.<\/strong><\/p>\n\n\n\n<p>\u201cUSB-C est devenu le standard accept\u00e9 de fa\u00e7on universelle\u201d, a reconnu Kaiann Drance, une vice-pr\u00e9sidente du groupe californien, lors de l\u2019\u00e9v\u00e9nement marketing annuel.<\/p>\n\n\n\n<p>Le port universel ne fait pas partie du genre d\u2019innovations technologiques qu\u2019Apple aime mettre en avant, mais une loi de Bruxelles impose aux fabricants d\u2019appareils \u00e9lectroniques de doter tous les nouveaux smartphones, tablettes et appareils photo d\u2019un port USB-C d\u2019ici la fin 2024.<\/p>\n\n\n\n<p>Et \u201cd\u00e9sormais, le m\u00eame c\u00e2ble peut charger votre Mac (ordinateur), votre iPad (tablette), votre iPhone et m\u00eame vos AirPods pro de deuxi\u00e8me g\u00e9n\u00e9ration (\u00e9couteurs sans fil)\u201d, a ajout\u00e9 Kaiann Drance.<\/p>\n\n\n\n<p>\u201cSi la batterie de vos AirPods est trop faible, ou celle de votre Apple Watch (montre), vous pouvez les charger directement depuis votre iPhone\u201d.<\/p>\n\n\n\n<p>Les dirigeants de la marque \u00e0 la pomme ont d\u00e9voil\u00e9 mardi quatre nouveaux iPhone avec, comme chaque ann\u00e9e, des \u00e9crans plus lumineux, des objectifs plus sophistiqu\u00e9s et des capacit\u00e9s informatiques plus perfectionn\u00e9es.<\/p>\n\n\n\n<p>Le mod\u00e8le de base, l\u2019iPhone 15, sera commercialis\u00e9 \u00e0 partir de 800 dollars, le m\u00eame prix que l\u2019iPhone 14 pr\u00e9sent\u00e9 il y a un an.<\/p>\n\n\n\n<p>Ils ont aussi donn\u00e9 de nombreux d\u00e9tails techniques sur la nouvelle montre, l\u2019Apple Watch Series 9, dont la batterie dure plus longtemps et qui est \u201cnotre premier produit neutre en termes d\u2019\u00e9mission carbone\u201d, a assur\u00e9 Lisa Jackson, vice-pr\u00e9sidente charg\u00e9e de l\u2019Environnement au sein de la soci\u00e9t\u00e9.<\/p>\n\n\n\n<p>Int\u00e9grer plus largement le port USB-C repr\u00e9sente une petite r\u00e9volution pour l\u2019\u00e9cosyst\u00e8me de produits et services d\u2019Apple, qui s\u2019int\u00e8gre difficilement aux autres syst\u00e8mes.<\/p>\n\n\n\n<h2 class=\"wp-block-heading\">Thierry Breton: \u201cLe chargeur commun rel\u00e8ve du bon sens\u201d<\/h2>\n\n\n\n<p>Il y a deux ans, quand le texte europ\u00e9en \u00e9tait en discussion, le groupe am\u00e9ricain avait tent\u00e9 de s\u2019y opposer en faisant valoir que sa technologie \u201cLightning\u201d \u00e9quipait d\u00e9j\u00e0 plus d\u2019un milliard d\u2019appareils dans le monde et que la nouvelle r\u00e9glementation allait \u201c\u00e9touffer l\u2019innovation\u201d, voire \u201cnuire aux consommateurs\u201d.<\/p>\n\n\n\n<p>Pour l\u2019Union europ\u00e9enne, il s\u2019agit au contraire de leur simplifier la vie et de r\u00e9duire la quantit\u00e9 de d\u00e9chets \u00e9lectroniques cr\u00e9\u00e9s au fur et \u00e0 mesure que les chargeurs deviennent obsol\u00e8tes.<\/p>\n\n\n\n<p>\u201cLe chargeur commun rel\u00e8ve du bon sens, et il est \u00e0 port\u00e9e de main\u201d, s\u2019est f\u00e9licit\u00e9 mardi le commissaire europ\u00e9en Thierry Breton dans une d\u00e9claration transmise \u00e0 l\u2019AFP. La mesure est cens\u00e9e faire \u00e9conomiser chaque ann\u00e9e 250 millions d\u2019euros aux consommateurs europ\u00e9ens.<\/p>\n","protected":false},"excerpt":{"rendered":"<p>Apple a fini par c\u00e9der : le g\u00e9ant californien a int\u00e9gr\u00e9 le port universel de chargement dit \u201cUSB-C\u201d \u00e0 sa<\/p>\n","protected":false},"author":1,"featured_media":21751,"comment_status":"open","ping_status":"open","sticky":false,"template":"","format":"standard","meta":{"footnotes":""},"categories":[5],"tags":[],"class_list":["post-21750","post","type-post","status-publish","format-standard","has-post-thumbnail","hentry","category-technologie"],"_links":{"self":[{"href":"https:\/\/dekkbi.com\/index.php?rest_route=\/wp\/v2\/posts\/21750","targetHints":{"allow":["GET"]}}],"collection":[{"href":"https:\/\/dekkbi.com\/index.php?rest_route=\/wp\/v2\/posts"}],"about":[{"href":"https:\/\/dekkbi.com\/index.php?rest_route=\/wp\/v2\/types\/post"}],"author":[{"embeddable":true,"href":"https:\/\/dekkbi.com\/index.php?rest_route=\/wp\/v2\/users\/1"}],"replies":[{"embeddable":true,"href":"https:\/\/dekkbi.com\/index.php?rest_route=%2Fwp%2Fv2%2Fcomments&post=21750"}],"version-history":[{"count":1,"href":"https:\/\/dekkbi.com\/index.php?rest_route=\/wp\/v2\/posts\/21750\/revisions"}],"predecessor-version":[{"id":21752,"href":"https:\/\/dekkbi.com\/index.php?rest_route=\/wp\/v2\/posts\/21750\/revisions\/21752"}],"wp:featuredmedia":[{"embeddable":true,"href":"https:\/\/dekkbi.com\/index.php?rest_route=\/wp\/v2\/media\/21751"}],"wp:attachment":[{"href":"https:\/\/dekkbi.com\/index.php?rest_route=%2Fwp%2Fv2%2Fmedia&parent=21750"}],"wp:term":[{"taxonomy":"category","embeddable":true,"href":"https:\/\/dekkbi.com\/index.php?rest_route=%2Fwp%2Fv2%2Fcategories&post=21750"},{"taxonomy":"post_tag","embeddable":true,"href":"https:\/\/dekkbi.com\/index.php?rest_route=%2Fwp%2Fv2%2Ftags&post=21750"}],"curies":[{"name":"wp","href":"https:\/\/api.w.org\/{rel}","templated":true}]}}