{"id":21696,"date":"2023-09-18T13:10:42","date_gmt":"2023-09-18T13:10:42","guid":{"rendered":"https:\/\/dekkbi.com\/?p=21696"},"modified":"2023-09-18T14:22:15","modified_gmt":"2023-09-18T14:22:15","slug":"artistes-du-niger-du-mali-et-du-burkina-faso-interdits-en-france-la-reaction-de-youssou-ndour-et-celle-du-ministere-francais-de-la-culture","status":"publish","type":"post","link":"https:\/\/dekkbi.com\/?p=21696","title":{"rendered":"Artistes du Niger, du Mali et du Burkina Faso, interdits en France"},"content":{"rendered":"\n<p class=\"has-medium-font-size\">: La r\u00e9action de Youssou Ndour et celle du minist\u00e8re fran\u00e7ais de la Culture<\/p>\n\n\n\n<p>En milieu de semaine derni\u00e8re, une information signalant qu\u2019il est interdit aux acteurs de la culture d&rsquo;inviter des artistes du Niger, du Mali et du Burkina Faso? avait cr\u00e9e une vague de col\u00e8re. Dans cette lanc\u00e9e, la r\u00e9action de la star internationale s\u00e9n\u00e9galaise, Youssou Ndour, n\u2019avait pas tard\u00e9\u2026<\/p>\n\n\n\n<p>Apr\u00e8s publication d\u2019une interdiction des prestations des artistes du Niger, du Mali et du Burkina Faso, la col\u00e8re des acteurs culturels avait \u00e9clat\u00e9 : \u00ab\u00a0<em>Cette interdiction totale concernant trois pays travers\u00e9s par des crises en effet tr\u00e8s graves, n&rsquo;a \u00e9videmment aucun sens d&rsquo;un point de vue artistique et constitue une erreur majeure d&rsquo;un point de vue politique. C&rsquo;est tout le contraire qu&rsquo;il convient de faire<\/em>\u00ab\u00a0, a cingl\u00e9 le Syndeac, dans un communiqu\u00e9.<\/p>\n\n\n\n<p>\u00ab\u00a0<em>Cette politique de l&rsquo;interdiction de la circulation des artistes et de leurs \u0153uvres, n&rsquo;a jamais pr\u00e9valu dans aucune autre crise internationale, des plus r\u00e9centes avec la Russie, aux plus anciennes et durables, avec la Chine<\/em>\u00ab\u00a0, a-t-il ajout\u00e9, dans des propos relay\u00e9s par \u00ab La D\u00e9p\u00eache \u00bb<\/p>\n\n\n\n<p>Dans un tweet, Youssou Ndour avait clairement exprim\u00e9 que \u00ab&nbsp;<em>si des mesures visant \u00e0 bannir les artistes originaires de certains pays du Sahel sont appliqu\u00e9es, sachez que vous devrez l&rsquo;appliquer \u00e0 tous les artistes Africains. Vous le faites \u00e0 toute l&rsquo;Afrique car nous sommes Un Continent et Indivisibles<\/em>&nbsp;\u00bb.<\/p>\n\n\n\n<p>Mais aux derni\u00e8res nouvelles, le minist\u00e8re fran\u00e7ais de la culture a r\u00e9agi \u00e0 ces rumeurs? selon lesquelles les artistes nig\u00e9riens, maliens et burkinab\u00e8? sont persona non grata en France. A travers un communiqu\u00e9, Paris a apport\u00e9 un d\u00e9menti et fait des clarifications.<\/p>\n","protected":false},"excerpt":{"rendered":"<p>: La r\u00e9action de Youssou Ndour et celle du minist\u00e8re fran\u00e7ais de la Culture En milieu de semaine derni\u00e8re, une<\/p>\n","protected":false},"author":1,"featured_media":12817,"comment_status":"open","ping_status":"open","sticky":false,"template":"","format":"standard","meta":{"footnotes":""},"categories":[21],"tags":[],"class_list":["post-21696","post","type-post","status-publish","format-standard","has-post-thumbnail","hentry","category-societe"],"_links":{"self":[{"href":"https:\/\/dekkbi.com\/index.php?rest_route=\/wp\/v2\/posts\/21696","targetHints":{"allow":["GET"]}}],"collection":[{"href":"https:\/\/dekkbi.com\/index.php?rest_route=\/wp\/v2\/posts"}],"about":[{"href":"https:\/\/dekkbi.com\/index.php?rest_route=\/wp\/v2\/types\/post"}],"author":[{"embeddable":true,"href":"https:\/\/dekkbi.com\/index.php?rest_route=\/wp\/v2\/users\/1"}],"replies":[{"embeddable":true,"href":"https:\/\/dekkbi.com\/index.php?rest_route=%2Fwp%2Fv2%2Fcomments&post=21696"}],"version-history":[{"count":2,"href":"https:\/\/dekkbi.com\/index.php?rest_route=\/wp\/v2\/posts\/21696\/revisions"}],"predecessor-version":[{"id":21727,"href":"https:\/\/dekkbi.com\/index.php?rest_route=\/wp\/v2\/posts\/21696\/revisions\/21727"}],"wp:featuredmedia":[{"embeddable":true,"href":"https:\/\/dekkbi.com\/index.php?rest_route=\/wp\/v2\/media\/12817"}],"wp:attachment":[{"href":"https:\/\/dekkbi.com\/index.php?rest_route=%2Fwp%2Fv2%2Fmedia&parent=21696"}],"wp:term":[{"taxonomy":"category","embeddable":true,"href":"https:\/\/dekkbi.com\/index.php?rest_route=%2Fwp%2Fv2%2Fcategories&post=21696"},{"taxonomy":"post_tag","embeddable":true,"href":"https:\/\/dekkbi.com\/index.php?rest_route=%2Fwp%2Fv2%2Ftags&post=21696"}],"curies":[{"name":"wp","href":"https:\/\/api.w.org\/{rel}","templated":true}]}}