{"id":2168,"date":"2022-10-25T10:20:50","date_gmt":"2022-10-25T10:20:50","guid":{"rendered":"https:\/\/dekkbi.com\/?p=2168"},"modified":"2022-10-25T12:12:45","modified_gmt":"2022-10-25T12:12:45","slug":"coupe-du-monde-lemir-du-qatar-repond-aux-critiques-sur-lorganisation-du-mondial","status":"publish","type":"post","link":"https:\/\/dekkbi.com\/?p=2168","title":{"rendered":"Coupe du monde : Tamim bin Hamad Al Thani, l&rsquo;\u00c9mir du Qatar r\u00e9pond aux critiques sur l&rsquo;organisation du Mondial"},"content":{"rendered":"\n<p><\/p>\n\n\n\n<p>Dans un discours devant l&rsquo;assembl\u00e9e consultative du Qatar, l&rsquo;\u00e9mir du pays, Tamim bin Hamad Al Thani, a regrett\u00e9 publiquement que l&rsquo;\u00e9mirat \u00ab\u00a0soit la cible d&rsquo;une campagne de critiques sans pr\u00e9c\u00e9dent\u00a0\u00bb. Il a appel\u00e9 ses concitoyens \u00ab\u00a0\u00e0 montrer au monde l&rsquo;hospitalit\u00e9 chaleureuse et la g\u00e9n\u00e9rosit\u00e9 des Qataris\u00a0\u00bb.<\/p>\n\n\n\n<p>Alors que son pays, qui doit accueillir la Coupe du monde de football dans moins d&rsquo;un mois (du 20 novembre au 18 d\u00e9cembre), fait l&rsquo;objet de toutes les discussions ces derni\u00e8res semaines, l&rsquo;\u00e9mir du Qatar a d\u00e9cid\u00e9 de r\u00e9pondre. De mani\u00e8re offensive, qui plus est.<br><br><strong>\u00ab\u00a0Une campagne de critiques qu&rsquo;aucun autre pays h\u00f4te n&rsquo;a subi\u00a0\u00bb<\/strong><br><br>S&rsquo;adressant devant l&rsquo;assembl\u00e9e consultative de l&rsquo;\u00e9mirat, Tamim bin Hamad Al Thani a tenu \u00e0 r\u00e9agir aux nombreuses critiques \u00e9mises \u00e0 l&rsquo;encontre de son pays, parmi lesquelles les conditions de travail tr\u00e8s difficiles des ouvriers et des travailleurs migrants sur les chantiers du Mondial, les soup\u00e7ons de corruption, les droits bafou\u00e9s des LGBTQ et des femmes ou encore le d\u00e9sastre \u00e9cologique de l&rsquo;\u00e9v\u00e9nement en termes d&rsquo;\u00e9mission de dioxyde de carbone.<br><br>\u00ab\u00a0Depuis que nous avons eu l&rsquo;honneur de nous voir attribuer la Coupe du monde, le Qatar a \u00e9t\u00e9 la cible de campagnes de diffamation et de critiques sans pr\u00e9c\u00e9dent qu&rsquo;aucun autre pays h\u00f4te n&rsquo;a subi\u00a0\u00bb, explique-t-il avant de poursuivre. \u00ab\u00a0Nous avons d&rsquo;abord trait\u00e9 la question de bonne foi, et avons m\u00eame consid\u00e9r\u00e9 certaines critiques comme positives et utiles. Mais il est vite devenu clair que la campagne tend \u00e0 se poursuivre et \u00e0 s&rsquo;\u00e9tendre, qu&rsquo;il y a des calomnies et du deux poids deux mesures, atteignant un niveau d&rsquo;acharnement qui a amen\u00e9 beaucoup de gens \u00e0 s&rsquo;interroger, malheureusement, sur les v\u00e9ritables raisons et motivations derri\u00e8re cette campagne.\u00a0\u00bb<br><br><strong>\u00ab\u00a0Le Mondial, une occasion de montrer &lsquo;qui nous sommes\u00a0\u00bb<br><br><\/strong>L&rsquo;\u00e9mir a ensuite d\u00e9velopp\u00e9 une vision plus nationale, rappelant \u00e0 ses concitoyens l&rsquo;importance de montrer aux yeux du monde, avant et pendant la Coupe du monde, les qualit\u00e9s d&rsquo;accueil et d&rsquo;hospitalit\u00e9 de l&rsquo;\u00e9mirat.<br><br>\u00ab\u00a0Accueillir le Mondial de football int\u00e8gre plusieurs \u00e9l\u00e9ments qui forment les composantes de la cr\u00e9dibilit\u00e9 et de la capacit\u00e9 \u00e0 influencer positivement. Cela se manifeste en acceptant le d\u00e9fi et en l&rsquo;int\u00e9grant dans nos projets nationaux et nos plans de d\u00e9veloppement. En bref, c&rsquo;est une occasion de d\u00e9crire et montrer &lsquo;qui nous sommes&rsquo;, non seulement en termes de force de notre \u00e9conomie et de nos institutions, mais aussi en termes d&rsquo;identit\u00e9 civilisationnelle (&#8230;) Poursuivons le travail pour \u00e9lever haut le nom de la nation, et ouvrons nos bras pour accueillir tout le monde afin que le monde puisse \u00eatre t\u00e9moin de l&rsquo;hospitalit\u00e9 chaleureuse et de la g\u00e9n\u00e9rosit\u00e9 des Qataris.\u00a0\u00bb<br><br>Son discours ne devrait pas manquer de faire r\u00e9agir dans les prochaines heures. Lundi soir, lors du d\u00e9voilement de sa nouvelle statue de cire au mus\u00e9e Gr\u00e9vin, \u00e0 Paris, Zin\u00e9dine Zidane avait appel\u00e9 \u00e0 \u00ab\u00a0laisser la pol\u00e9mique de c\u00f4t\u00e9\u00a0\u00bb concernant la comp\u00e9tition. \u00ab\u00a0Il faut laisser la place au jeu et la place \u00e0 la Coupe du monde, pour tous les passionn\u00e9s qui veulent juste voir du football.\u00a0\u00bb<br><br>Avec RMC<\/p>\n","protected":false},"excerpt":{"rendered":"<p>Dans un discours devant l&rsquo;assembl\u00e9e consultative du Qatar, l&rsquo;\u00e9mir du pays, Tamim bin Hamad Al Thani, a regrett\u00e9 publiquement que<\/p>\n","protected":false},"author":1,"featured_media":2169,"comment_status":"open","ping_status":"open","sticky":false,"template":"","format":"standard","meta":{"footnotes":""},"categories":[9],"tags":[],"class_list":["post-2168","post","type-post","status-publish","format-standard","has-post-thumbnail","hentry","category-sports"],"_links":{"self":[{"href":"https:\/\/dekkbi.com\/index.php?rest_route=\/wp\/v2\/posts\/2168","targetHints":{"allow":["GET"]}}],"collection":[{"href":"https:\/\/dekkbi.com\/index.php?rest_route=\/wp\/v2\/posts"}],"about":[{"href":"https:\/\/dekkbi.com\/index.php?rest_route=\/wp\/v2\/types\/post"}],"author":[{"embeddable":true,"href":"https:\/\/dekkbi.com\/index.php?rest_route=\/wp\/v2\/users\/1"}],"replies":[{"embeddable":true,"href":"https:\/\/dekkbi.com\/index.php?rest_route=%2Fwp%2Fv2%2Fcomments&post=2168"}],"version-history":[{"count":2,"href":"https:\/\/dekkbi.com\/index.php?rest_route=\/wp\/v2\/posts\/2168\/revisions"}],"predecessor-version":[{"id":2244,"href":"https:\/\/dekkbi.com\/index.php?rest_route=\/wp\/v2\/posts\/2168\/revisions\/2244"}],"wp:featuredmedia":[{"embeddable":true,"href":"https:\/\/dekkbi.com\/index.php?rest_route=\/wp\/v2\/media\/2169"}],"wp:attachment":[{"href":"https:\/\/dekkbi.com\/index.php?rest_route=%2Fwp%2Fv2%2Fmedia&parent=2168"}],"wp:term":[{"taxonomy":"category","embeddable":true,"href":"https:\/\/dekkbi.com\/index.php?rest_route=%2Fwp%2Fv2%2Fcategories&post=2168"},{"taxonomy":"post_tag","embeddable":true,"href":"https:\/\/dekkbi.com\/index.php?rest_route=%2Fwp%2Fv2%2Ftags&post=2168"}],"curies":[{"name":"wp","href":"https:\/\/api.w.org\/{rel}","templated":true}]}}