{"id":21608,"date":"2023-09-16T14:58:17","date_gmt":"2023-09-16T14:58:17","guid":{"rendered":"https:\/\/dekkbi.com\/?p=21608"},"modified":"2023-09-16T14:59:45","modified_gmt":"2023-09-16T14:59:45","slug":"le-gamou-sera-celebre-dans-la-nuit-du-27-septembre-prochain","status":"publish","type":"post","link":"https:\/\/dekkbi.com\/?p=21608","title":{"rendered":"Le Gamou sera c\u00e9l\u00e9br\u00e9 dans la nuit du 27 septembre prochain"},"content":{"rendered":"\n<p>La Commission nationale de concertation sur le croissant lunaire informe que le Gamou sera c\u00e9l\u00e9br\u00e9 dans la nuit du mercredi 27 septembre 2023.Apr\u00e8s s\u2019\u00eatre r\u00e9unie aujourd\u2019hui vendredi \u00e0 la RTS pour scruter le croissant lunaire, la commission indique que toutes les informations ont \u00e9t\u00e9 recueillies aupr\u00e8s de leurs diff\u00e9rents repr\u00e9sentants dans les diff\u00e9rentes localit\u00e9s du pays, notamment dans les foyers religieux.\u00ab Apr\u00e8s de larges concertations en notre sein, la commission lunaire d\u00e9clare que le croissant lunaire n\u2019a \u00e9t\u00e9 aper\u00e7u dans aucune localit\u00e9 du pays. Par cons\u00e9quent, le dimanche 17 septembre 2023 sera le premier jour du mois lunaire Rabi AL Awwal \u00bb, lit-on dans le communiqu\u00e9 transmis \u00e0 la presse, rapporte leSoleil.sn.<\/p>\n\n\n\n<p>Nd\u00e8ye Fatou K\u00e9b\u00e9<\/p>\n\n\n\n<p>LERAL<\/p>\n","protected":false},"excerpt":{"rendered":"<p>La Commission nationale de concertation sur le croissant lunaire informe que le Gamou sera c\u00e9l\u00e9br\u00e9 dans la nuit du mercredi<\/p>\n","protected":false},"author":1,"featured_media":21424,"comment_status":"open","ping_status":"open","sticky":false,"template":"","format":"standard","meta":{"footnotes":""},"categories":[21],"tags":[],"class_list":["post-21608","post","type-post","status-publish","format-standard","has-post-thumbnail","hentry","category-societe"],"_links":{"self":[{"href":"https:\/\/dekkbi.com\/index.php?rest_route=\/wp\/v2\/posts\/21608","targetHints":{"allow":["GET"]}}],"collection":[{"href":"https:\/\/dekkbi.com\/index.php?rest_route=\/wp\/v2\/posts"}],"about":[{"href":"https:\/\/dekkbi.com\/index.php?rest_route=\/wp\/v2\/types\/post"}],"author":[{"embeddable":true,"href":"https:\/\/dekkbi.com\/index.php?rest_route=\/wp\/v2\/users\/1"}],"replies":[{"embeddable":true,"href":"https:\/\/dekkbi.com\/index.php?rest_route=%2Fwp%2Fv2%2Fcomments&post=21608"}],"version-history":[{"count":1,"href":"https:\/\/dekkbi.com\/index.php?rest_route=\/wp\/v2\/posts\/21608\/revisions"}],"predecessor-version":[{"id":21609,"href":"https:\/\/dekkbi.com\/index.php?rest_route=\/wp\/v2\/posts\/21608\/revisions\/21609"}],"wp:featuredmedia":[{"embeddable":true,"href":"https:\/\/dekkbi.com\/index.php?rest_route=\/wp\/v2\/media\/21424"}],"wp:attachment":[{"href":"https:\/\/dekkbi.com\/index.php?rest_route=%2Fwp%2Fv2%2Fmedia&parent=21608"}],"wp:term":[{"taxonomy":"category","embeddable":true,"href":"https:\/\/dekkbi.com\/index.php?rest_route=%2Fwp%2Fv2%2Fcategories&post=21608"},{"taxonomy":"post_tag","embeddable":true,"href":"https:\/\/dekkbi.com\/index.php?rest_route=%2Fwp%2Fv2%2Ftags&post=21608"}],"curies":[{"name":"wp","href":"https:\/\/api.w.org\/{rel}","templated":true}]}}