{"id":21470,"date":"2023-09-14T11:53:13","date_gmt":"2023-09-14T11:53:13","guid":{"rendered":"https:\/\/dekkbi.com\/?p=21470"},"modified":"2023-09-14T11:53:14","modified_gmt":"2023-09-14T11:53:14","slug":"antoine-diome-a-kedougou-le-recrutement-de-la-main-doeuvre-locale-non-qualifiee-des-societes-minieres-sera-inclusif","status":"publish","type":"post","link":"https:\/\/dekkbi.com\/?p=21470","title":{"rendered":"Antoine Diome \u00e0 K\u00e9dougou: \u00abLe recrutement de la main-d\u2019\u0153uvre locale non qualifi\u00e9e des soci\u00e9t\u00e9s mini\u00e8res sera inclusif\u00bb"},"content":{"rendered":"\n<p>L\u2019\u00c9tat va adopter une d\u00e9marche \u00ab&nbsp;inclusive et participative&nbsp;\u00bb dans le recrutement de la main-d\u2019\u0153uvre locale non qualifi\u00e9e des soci\u00e9t\u00e9s mini\u00e8res, pour une meilleure prise en compte des pr\u00e9occupations des populations, a promis, mardi, \u00e0 K\u00e9dougou (sud-est), le ministre de l\u2019Int\u00e9rieur, Antoine Diome.<\/p>\n\n\n\n<p>\u00ab&nbsp;\u00c0 la suite des affrontements entre les forces de l\u2019ordre et des jeunes de Khossanto, des instructions ont \u00e9t\u00e9 donn\u00e9es au gouverneur pour le recrutement de la main-d\u2019\u0153uvre locale non qualifi\u00e9e, avec une d\u00e9marche inclusive et participative&nbsp;\u00bb, a d\u00e9clar\u00e9 M. Diome.<\/p>\n\n\n\n<p>Deux personnes ont \u00e9t\u00e9 tu\u00e9es lors d\u2019affrontements qui ont \u00e9clat\u00e9 dans la commune de Khossanto, et sept autres ont \u00e9t\u00e9 gri\u00e8vement bless\u00e9es, selon une source m\u00e9dicale locale.<\/p>\n\n\n\n<p>Les jeunes protestaient contre la modification d\u2019un arr\u00eat\u00e9 du pr\u00e9fet du d\u00e9partement de Saraya \u2013 situ\u00e9 dans la r\u00e9gion de K\u00e9dougou \u2013 relatif au recrutement de la main-d\u2019\u0153uvre locale non qualifi\u00e9e des soci\u00e9t\u00e9s mini\u00e8res.<\/p>\n\n\n\n<p>Antoine Diome a pr\u00e9sent\u00e9 ses condol\u00e9ances \u00ab&nbsp;les plus \u00e9mues et les plus attristes&nbsp;\u00bb aux populations de K\u00e9dougou et au maire de Khossanto, lequel a perdu son fr\u00e8re dans les affrontements.<\/p>\n\n\n\n<p>Le ministre de l\u2019Int\u00e9rieur pr\u00e9sidait une r\u00e9union \u00e0 K\u00e9dougou, \u00e0 la suite des violents affrontements.<\/p>\n\n\n\n<p>Ses coll\u00e8gues charg\u00e9s des Mines et de la G\u00e9ologie, Oumar Sarr, de la Bonne Gouvernance et de la Promotion des droits humains, Mamadou Saliou Sow, le maire de K\u00e9dougou et directeur g\u00e9n\u00e9ral de la soci\u00e9t\u00e9 nationale de transport Dakar Dem Dikk, Ousmane Sylla, ont pris part \u00e0 la r\u00e9union en pr\u00e9sence de la gouverneure de K\u00e9dougou, Mariama Traor\u00e9, du pr\u00e9fet de Saraya, Antoine Cyprien Mballo, des maires de Khossanto et de Sabodala.<\/p>\n\n\n\n<p>M. Diome assure que les autorit\u00e9s administratives, \u00e0 tous les \u00e9chelons de l\u2019\u00c9tat, sont \u00ab&nbsp;au service des populations&nbsp;\u00bb.<\/p>\n\n\n\n<p>\u00ab&nbsp;Les \u00e9lus territoriaux sont les repr\u00e9sentants des populations. Ils sont appel\u00e9s \u00e0 [\u2026] travailler avec les autorit\u00e9s administratives pour trouver les meilleures solutions aux probl\u00e8mes qui se posent \u00e0 nos concitoyens&nbsp;\u00bb, a soulign\u00e9 M. Diome.<\/p>\n\n\n\n<p>Il a rendu visite aux bless\u00e9s, qui sont intern\u00e9s \u00e0 l\u2019h\u00f4pital r\u00e9gional Amath-Dansokho de K\u00e9dougou.&nbsp;<strong>APS<\/strong><\/p>\n","protected":false},"excerpt":{"rendered":"<p>L\u2019\u00c9tat va adopter une d\u00e9marche \u00ab&nbsp;inclusive et participative&nbsp;\u00bb dans le recrutement de la main-d\u2019\u0153uvre locale non qualifi\u00e9e des soci\u00e9t\u00e9s mini\u00e8res,<\/p>\n","protected":false},"author":1,"featured_media":21471,"comment_status":"open","ping_status":"open","sticky":false,"template":"","format":"standard","meta":{"footnotes":""},"categories":[3],"tags":[],"class_list":["post-21470","post","type-post","status-publish","format-standard","has-post-thumbnail","hentry","category-event-more-news"],"_links":{"self":[{"href":"https:\/\/dekkbi.com\/index.php?rest_route=\/wp\/v2\/posts\/21470","targetHints":{"allow":["GET"]}}],"collection":[{"href":"https:\/\/dekkbi.com\/index.php?rest_route=\/wp\/v2\/posts"}],"about":[{"href":"https:\/\/dekkbi.com\/index.php?rest_route=\/wp\/v2\/types\/post"}],"author":[{"embeddable":true,"href":"https:\/\/dekkbi.com\/index.php?rest_route=\/wp\/v2\/users\/1"}],"replies":[{"embeddable":true,"href":"https:\/\/dekkbi.com\/index.php?rest_route=%2Fwp%2Fv2%2Fcomments&post=21470"}],"version-history":[{"count":1,"href":"https:\/\/dekkbi.com\/index.php?rest_route=\/wp\/v2\/posts\/21470\/revisions"}],"predecessor-version":[{"id":21472,"href":"https:\/\/dekkbi.com\/index.php?rest_route=\/wp\/v2\/posts\/21470\/revisions\/21472"}],"wp:featuredmedia":[{"embeddable":true,"href":"https:\/\/dekkbi.com\/index.php?rest_route=\/wp\/v2\/media\/21471"}],"wp:attachment":[{"href":"https:\/\/dekkbi.com\/index.php?rest_route=%2Fwp%2Fv2%2Fmedia&parent=21470"}],"wp:term":[{"taxonomy":"category","embeddable":true,"href":"https:\/\/dekkbi.com\/index.php?rest_route=%2Fwp%2Fv2%2Fcategories&post=21470"},{"taxonomy":"post_tag","embeddable":true,"href":"https:\/\/dekkbi.com\/index.php?rest_route=%2Fwp%2Fv2%2Ftags&post=21470"}],"curies":[{"name":"wp","href":"https:\/\/api.w.org\/{rel}","templated":true}]}}