{"id":21468,"date":"2023-09-14T11:42:35","date_gmt":"2023-09-14T11:42:35","guid":{"rendered":"https:\/\/dekkbi.com\/?p=21468"},"modified":"2023-09-14T12:33:09","modified_gmt":"2023-09-14T12:33:09","slug":"le-remaniement-ministeriel-ce-sera-dici-samedi","status":"publish","type":"post","link":"https:\/\/dekkbi.com\/?p=21468","title":{"rendered":"Le remaniement minist\u00e9riel: Ce sera d&rsquo;ici samedi !"},"content":{"rendered":"\n<p>Le remaniement minist\u00e9riel est imminent. Il devrait intervenir d&rsquo;ici samedi selon L&rsquo;Observateur qui en donne l&rsquo;information.<\/p>\n\n\n\n<p>Le Pr\u00e9sident Macky Sall va proc\u00e9der au remaniement du gouvernement. Il l\u2019a annonc\u00e9 ce mercredi en Conseil des ministres. D\u2019apr\u00e8s L\u2019Observateur, qui donne l\u2019information, le chef de l\u2019\u00c9tat a pr\u00e9cis\u00e9 qu\u2019il formera le nouvel attelage avant son d\u00e9part pour New York et l\u2019Assembl\u00e9e g\u00e9n\u00e9rale des Nations unies (17-23 septembre). \u00abSi l\u2019agenda du Pr\u00e9sident n\u2019est pas bouscul\u00e9 par un impr\u00e9vu, le remaniement devrait intervenir au plus tard samedi prochain\u00bb, avance le journal.<\/p>\n\n\n\n<p>SOURCE IGFM<\/p>\n","protected":false},"excerpt":{"rendered":"<p>Le remaniement minist\u00e9riel est imminent. Il devrait intervenir d&rsquo;ici samedi selon L&rsquo;Observateur qui en donne l&rsquo;information. Le Pr\u00e9sident Macky Sall<\/p>\n","protected":false},"author":1,"featured_media":21494,"comment_status":"open","ping_status":"open","sticky":false,"template":"","format":"standard","meta":{"footnotes":""},"categories":[6],"tags":[],"class_list":["post-21468","post","type-post","status-publish","format-standard","has-post-thumbnail","hentry","category-politics"],"_links":{"self":[{"href":"https:\/\/dekkbi.com\/index.php?rest_route=\/wp\/v2\/posts\/21468","targetHints":{"allow":["GET"]}}],"collection":[{"href":"https:\/\/dekkbi.com\/index.php?rest_route=\/wp\/v2\/posts"}],"about":[{"href":"https:\/\/dekkbi.com\/index.php?rest_route=\/wp\/v2\/types\/post"}],"author":[{"embeddable":true,"href":"https:\/\/dekkbi.com\/index.php?rest_route=\/wp\/v2\/users\/1"}],"replies":[{"embeddable":true,"href":"https:\/\/dekkbi.com\/index.php?rest_route=%2Fwp%2Fv2%2Fcomments&post=21468"}],"version-history":[{"count":1,"href":"https:\/\/dekkbi.com\/index.php?rest_route=\/wp\/v2\/posts\/21468\/revisions"}],"predecessor-version":[{"id":21469,"href":"https:\/\/dekkbi.com\/index.php?rest_route=\/wp\/v2\/posts\/21468\/revisions\/21469"}],"wp:featuredmedia":[{"embeddable":true,"href":"https:\/\/dekkbi.com\/index.php?rest_route=\/wp\/v2\/media\/21494"}],"wp:attachment":[{"href":"https:\/\/dekkbi.com\/index.php?rest_route=%2Fwp%2Fv2%2Fmedia&parent=21468"}],"wp:term":[{"taxonomy":"category","embeddable":true,"href":"https:\/\/dekkbi.com\/index.php?rest_route=%2Fwp%2Fv2%2Fcategories&post=21468"},{"taxonomy":"post_tag","embeddable":true,"href":"https:\/\/dekkbi.com\/index.php?rest_route=%2Fwp%2Fv2%2Ftags&post=21468"}],"curies":[{"name":"wp","href":"https:\/\/api.w.org\/{rel}","templated":true}]}}