{"id":21451,"date":"2023-09-14T11:15:32","date_gmt":"2023-09-14T11:15:32","guid":{"rendered":"https:\/\/dekkbi.com\/?p=21451"},"modified":"2023-09-14T11:15:33","modified_gmt":"2023-09-14T11:15:33","slug":"transfert-de-ressources-de-fera-aux-collectivites-a-travers-lentretien-routier","status":"publish","type":"post","link":"https:\/\/dekkbi.com\/?p=21451","title":{"rendered":"Transfert de ressources de FERA aux collectivit\u00e9s \u00e0 travers l\u2019entretien routier:"},"content":{"rendered":"\n<p>plus de 1 milliard 180 millions et 1461 emplois directs cr\u00e9\u00e9s avec une masse salariale mensuelle de plus de 90 millions<\/p>\n\n\n\n<p><strong>Le Fonds d\u2019Entretien Routier Autonome (FERA), a d\u00e9roul\u00e9 hier, mercredi, un comit\u00e9 r\u00e9gional de d\u00e9veloppement (CRD) avec l\u2019ensemble des parties prenantes dans le but de partager les modalit\u00e9s de mise en \u0153uvre du programme d\u2019urgence pour l\u2019emploi et l\u2019insertion socio-\u00e9conomique des jeunes&nbsp;&nbsp;XEYU NDAW NI , \u00e0 travers le financement et l\u2019entretien des routes non class\u00e9es avec une approche Haute Intensit\u00e9 de Main Ouvre (HIMO), Une activit\u00e9 qui se traduit comme un barom\u00e8tre de suivi, de l\u2019avis du directeur G\u00e9n\u00e9ral.<\/strong><\/p>\n\n\n\n<p>Apr\u00e8s deux ans de mise en \u0153uvre et \u00e0 l\u2019entame de la troisi\u00e8me ann\u00e9e d\u2019ex\u00e9cution, il est ressorti de l\u2019analyse de l\u2019\u00e9volution du budget affect\u00e9 aux communes, que celui-ci a enregistr\u00e9 une croissance exponentielle depuis 2021. Il est pass\u00e9 de 3,6 milliards en 2020&nbsp;&nbsp;\u00e0 25,6 milliards en 2023 pour un co\u00fbt triennal de 67,769 milliards FCFA et pr\u00e8s de 26 mille emplois cr\u00e9\u00e9s \u00e0 travers la signature de 511 conventions de financements au profit des communes et villages du S\u00e9n\u00e9gal. On note, qu\u2019en plus de la subvention du gouvernement du S\u00e9n\u00e9gal dans le cadre du programme XEYU NDAW NI, le FERA alloue \u00e0 ce programme un montant annuel suppl\u00e9mentaire de 14 milliards 481&nbsp;277&nbsp;326 francs pour la prise en charge de toutes les conventions sign\u00e9es avec la quasi-totalit\u00e9 des communes du S\u00e9n\u00e9gal.<\/p>\n\n\n\n<p>Dans la r\u00e9gion de Matam, le FERA \u00e0 travers un transfert de ressources a pu susciter la cr\u00e9ation d\u2019emplois au niveau des collectivit\u00e9s territoriales \u00e0 travers l\u2019entretien routier apr\u00e8s avoir b\u00e9n\u00e9fici\u00e9 d\u2019un montant de 1 milliard 180 millions 770 mille francs Cfa.&nbsp;&nbsp;Ce qui, selon le gouverneur Mohamed Moustapha Watt, a pu g\u00e9n\u00e9rer 1461 emplois directs avec une masse salariale mensuelle de plus de 90 millions de francs. \u00ab&nbsp;Des ressources extr\u00eamement importantes et tr\u00e8s int\u00e9ressantes&nbsp;\u00bb, selon le chef de l\u2019ex\u00e9cutif r\u00e9gional, qui ont&nbsp;&nbsp;favoris\u00e9 l\u2019acc\u00e8s aux emplois d\u00e9cents pour les jeunes&nbsp;&nbsp;dans le cadre de l\u2019acc\u00e8s \u00e0 l\u2019emploi vis\u00e9 par le programme XEYU NDAW NI.&nbsp;&nbsp;Au-del\u00e0,&nbsp;&nbsp;de son intervention dans le cadre de la mise en oeuvre de ce programme, le FERA a \u00e9galement particip\u00e9 au financement de la r\u00e9alisation de certaines infrastructures surtout en termes de d\u00e9senclavement qui ont \u00e9t\u00e9&nbsp;&nbsp;enregistr\u00e9es dans la commune de Dembancan\u00e9 et celle de Orkadi\u00e9r\u00e9. Durant les \u00e9changes, les acteurs ont \u00e9mis plusieurs suggestions dans le sens de l\u2019am\u00e9lioration des modalit\u00e9s \u00e0 suivre.&nbsp;&nbsp;Ce dont s\u2019est r\u00e9joui le Directeur G\u00e9n\u00e9ral du FERA, Pape Ibrahima Faye, qui a annonc\u00e9 le souhait de la structure qu\u2019il dirige de se \u00ab&nbsp;projeter vers l\u2019uniformatisation du projet au niveau national et assoir sa p\u00e9rennit\u00e9 en alliant l\u2019efficacit\u00e9 et l\u2019efficience&nbsp;\u00bb. Fort des diff\u00e9rentes recommandations,&nbsp;\u00ab&nbsp;nous allons continuer la r\u00e9flexion avec les collectivit\u00e9s territoriales pour avoir une \u00e9tude d\u2019ouvrages d\u00e9l\u00e9gu\u00e9e&nbsp;&nbsp;pour leur permettre de prendre en oeuvre leurs responsabilit\u00e9s dans le cadre de l\u2019ex\u00e9cution des projets&nbsp;\u00bb. En r\u00e9ponse au retard de salaire annonc\u00e9, le Directeur G\u00e9n\u00e9ral a rassur\u00e9 les acteurs en informant que pour l\u2019essentiel, les retards sont li\u00e9s \u00e0 98 % \u00e0 l\u2019absence de point focal au niveau des collectivit\u00e9s territoriales. La question qui est d\u2019ailleurs une recommandation tr\u00e8s forte du CRD, sera vite r\u00e9gl\u00e9e de l\u2019avis du Directeur G\u00e9n\u00e9ral. Pour d\u00e9clarer que sur l\u2019invite du Gouverneur de la r\u00e9gion, des points focaux seront install\u00e9s au niveau de chaque d\u00e9partement.<\/p>\n\n\n\n<p><strong>Entretien routier<\/strong><\/p>\n\n\n\n<p>Sur le volet des attentes portant sur l\u2019entretien routier, le gouverneur de Matam Mouhamadou Moctar Watt, a annonc\u00e9 l\u2019urgence de travaux \u00e0 faire sur plusieurs routes de la r\u00e9gion qui sont dans un mauvais \u00e9tat, n\u00e9cessitant une reconstruction, dont celle reliant les villes de Matam et d\u2019Ourossogui notamment. D\u00e9clarant, qu\u2019en mati\u00e8re d\u2019entretien routier, pour la r\u00e9gion de Matam, hormis la route Matam-Ourossogui, qui accuse un niveau de d\u00e9gradation, s\u2019ajoutent d\u2019autres ouvrages comme le radier du village de Polel Diaob\u00e9 et la piste reliant la commune de Lougu\u00e9r\u00e9 Thioli \u00e0 la route nationale n0 3 , dans le d\u00e9partement de Ran\u00e9rou ainsi que l\u2019axe Nabadji Civol-Ta\u00efba fortement d\u00e9grad\u00e9e \u00e0 cause des eaux de pluie, qui figure sur la liste des infrastructures \u00e0 r\u00e9nover.<\/p>\n\n\n\n<p><strong>PAPE MOCTAR NDIAYE<\/strong><\/p>\n\n\n\n<p>SUDQUOTIDIEN<\/p>\n","protected":false},"excerpt":{"rendered":"<p>plus de 1 milliard 180 millions et 1461 emplois directs cr\u00e9\u00e9s avec une masse salariale mensuelle de plus de 90<\/p>\n","protected":false},"author":1,"featured_media":21452,"comment_status":"open","ping_status":"open","sticky":false,"template":"","format":"standard","meta":{"footnotes":""},"categories":[3],"tags":[],"class_list":["post-21451","post","type-post","status-publish","format-standard","has-post-thumbnail","hentry","category-event-more-news"],"_links":{"self":[{"href":"https:\/\/dekkbi.com\/index.php?rest_route=\/wp\/v2\/posts\/21451","targetHints":{"allow":["GET"]}}],"collection":[{"href":"https:\/\/dekkbi.com\/index.php?rest_route=\/wp\/v2\/posts"}],"about":[{"href":"https:\/\/dekkbi.com\/index.php?rest_route=\/wp\/v2\/types\/post"}],"author":[{"embeddable":true,"href":"https:\/\/dekkbi.com\/index.php?rest_route=\/wp\/v2\/users\/1"}],"replies":[{"embeddable":true,"href":"https:\/\/dekkbi.com\/index.php?rest_route=%2Fwp%2Fv2%2Fcomments&post=21451"}],"version-history":[{"count":1,"href":"https:\/\/dekkbi.com\/index.php?rest_route=\/wp\/v2\/posts\/21451\/revisions"}],"predecessor-version":[{"id":21453,"href":"https:\/\/dekkbi.com\/index.php?rest_route=\/wp\/v2\/posts\/21451\/revisions\/21453"}],"wp:featuredmedia":[{"embeddable":true,"href":"https:\/\/dekkbi.com\/index.php?rest_route=\/wp\/v2\/media\/21452"}],"wp:attachment":[{"href":"https:\/\/dekkbi.com\/index.php?rest_route=%2Fwp%2Fv2%2Fmedia&parent=21451"}],"wp:term":[{"taxonomy":"category","embeddable":true,"href":"https:\/\/dekkbi.com\/index.php?rest_route=%2Fwp%2Fv2%2Fcategories&post=21451"},{"taxonomy":"post_tag","embeddable":true,"href":"https:\/\/dekkbi.com\/index.php?rest_route=%2Fwp%2Fv2%2Ftags&post=21451"}],"curies":[{"name":"wp","href":"https:\/\/api.w.org\/{rel}","templated":true}]}}