{"id":21444,"date":"2023-09-14T11:05:39","date_gmt":"2023-09-14T11:05:39","guid":{"rendered":"https:\/\/dekkbi.com\/?p=21444"},"modified":"2023-09-14T11:05:41","modified_gmt":"2023-09-14T11:05:41","slug":"enclavement-du-departement-de-bakel-des-jeunes-menacent-de-boycotter-la-presidentielle","status":"publish","type":"post","link":"https:\/\/dekkbi.com\/?p=21444","title":{"rendered":"Enclavement du d\u00e9partement de Bakel : Des jeunes menacent de boycotter la Pr\u00e9sidentielle"},"content":{"rendered":"\n<h3 class=\"wp-block-heading\">Bes Bi- Des jeunes du d\u00e9partement de Bakel menacent de boycotter les prochaines \u00e9lections pr\u00e9sidentielles. Ils fustigent l\u2019enclavement de leur localit\u00e9. Regroup\u00e9s au sein du Mouvement de renaissance pour le d\u00e9veloppement de Bakel (Mrdb), ils d\u00e9plorent les difficiles conditions de vie des populations.<\/h3>\n\n\n\n<p>\u00abBakel a un probl\u00e8me d\u2019infrastructures sociales de base. Pendant l\u2019hivernage, il est impossible de rallier la capitale d\u00e9partementale car les routes sont impraticables. Entre B\u00e9ma et Kounghany, dans la commune de Ballou, il y a un pont qui ne tient plus \u00e0 cause des fortes pr\u00e9cipitations\u00bb, d\u00e9plore Abdourahim Tall, leur pr\u00e9sident.<\/p>\n\n\n\n<p>C\u2019est ainsi que les jeunes du d\u00e9partement se sont engag\u00e9s \u00e0 mettre des sacs remplis de sable et de pierres pour faciliter la travers\u00e9e aux v\u00e9hicules \u00abavec beaucoup de risques\u00bb, pr\u00e9cise Sidy Tandjigora qui pr\u00e9cise que le pont inachev\u00e9 existe depuis 2008.<\/p>\n\n\n\n<p>Selon lui, chaque hivernage, ce sont les m\u00eames probl\u00e8mes que les populations rencontrent pour traverser le pont. Il a \u00e9galement indiqu\u00e9 que les pr\u00e9sidents Abdou Diouf, Abdoulaye Wade et Macky Sall connaissent bien ce pont car ils y ont tous \u00e9t\u00e9.<\/p>\n\n\n\n<p>Tr\u00e8s en col\u00e8re, il parle de \u00abn\u00e9gligence\u00bb tout en rappelant que \u00abtrop, c\u2019est trop\u00bb. Face aux journalistes, ces jeunes menacent de boycotter simplement la prochaine \u00e9lection pr\u00e9sidentielle.<\/p>\n\n\n\n<p>\u00abNous sommes fatigu\u00e9s. Nous faisons partie du pays. Si les autorit\u00e9s ne nous viennent pas en aide, nous n\u2019allons pas voter. Nous allons sensibiliser tout le monde dans ce sens\u00bb, avertit Abdourahim Tall.<\/p>\n\n\n\n<p><\/p>\n","protected":false},"excerpt":{"rendered":"<p>Bes Bi- Des jeunes du d\u00e9partement de Bakel menacent de boycotter les prochaines \u00e9lections pr\u00e9sidentielles. Ils fustigent l\u2019enclavement de leur<\/p>\n","protected":false},"author":1,"featured_media":21445,"comment_status":"open","ping_status":"open","sticky":false,"template":"","format":"standard","meta":{"footnotes":""},"categories":[26],"tags":[],"class_list":["post-21444","post","type-post","status-publish","format-standard","has-post-thumbnail","hentry","category-fait-divers"],"_links":{"self":[{"href":"https:\/\/dekkbi.com\/index.php?rest_route=\/wp\/v2\/posts\/21444","targetHints":{"allow":["GET"]}}],"collection":[{"href":"https:\/\/dekkbi.com\/index.php?rest_route=\/wp\/v2\/posts"}],"about":[{"href":"https:\/\/dekkbi.com\/index.php?rest_route=\/wp\/v2\/types\/post"}],"author":[{"embeddable":true,"href":"https:\/\/dekkbi.com\/index.php?rest_route=\/wp\/v2\/users\/1"}],"replies":[{"embeddable":true,"href":"https:\/\/dekkbi.com\/index.php?rest_route=%2Fwp%2Fv2%2Fcomments&post=21444"}],"version-history":[{"count":1,"href":"https:\/\/dekkbi.com\/index.php?rest_route=\/wp\/v2\/posts\/21444\/revisions"}],"predecessor-version":[{"id":21446,"href":"https:\/\/dekkbi.com\/index.php?rest_route=\/wp\/v2\/posts\/21444\/revisions\/21446"}],"wp:featuredmedia":[{"embeddable":true,"href":"https:\/\/dekkbi.com\/index.php?rest_route=\/wp\/v2\/media\/21445"}],"wp:attachment":[{"href":"https:\/\/dekkbi.com\/index.php?rest_route=%2Fwp%2Fv2%2Fmedia&parent=21444"}],"wp:term":[{"taxonomy":"category","embeddable":true,"href":"https:\/\/dekkbi.com\/index.php?rest_route=%2Fwp%2Fv2%2Fcategories&post=21444"},{"taxonomy":"post_tag","embeddable":true,"href":"https:\/\/dekkbi.com\/index.php?rest_route=%2Fwp%2Fv2%2Ftags&post=21444"}],"curies":[{"name":"wp","href":"https:\/\/api.w.org\/{rel}","templated":true}]}}