{"id":2143,"date":"2022-10-24T13:58:24","date_gmt":"2022-10-24T13:58:24","guid":{"rendered":"https:\/\/dekkbi.com\/?p=2143"},"modified":"2022-10-24T13:58:26","modified_gmt":"2022-10-24T13:58:26","slug":"doudou-wade-nous-demandons-la-revision-du-proces-de-karim-wade-comme","status":"publish","type":"post","link":"https:\/\/dekkbi.com\/?p=2143","title":{"rendered":"Doudou Wade: \u00abNous demandons la r\u00e9vision du proc\u00e8s de Karim Wade, comme&#8230; \u00bb"},"content":{"rendered":"\n<p>R\u00e9dig\u00e9 par leral.net l<\/p>\n\n\n\n<p>L\u2019ancien pr\u00e9sident du Groupe parlementaire des lib\u00e9raux (2007-2012), Doudou Wade r\u00e9it\u00e8re l\u2019opposition de Karim Wade \u00e0 l\u2019offre d\u2019amnistie du chef de l\u2019Etat, Macky Sall, pour lui permettre de recouvrer son droit de vote avec Khalifa Ababacar Sall. Invit\u00e9 du jour de l\u2019\u00e9mission \u00ab\u00a0Jury du dimanche\u00a0\u00bb chez nos confr\u00e8res de Iradio (priv\u00e9e) hier, dimanche 23 octobre 2022, Doudou Wade annon\u00e7ant le retour \u00e0 Dakar de Karim Wade en triomphe, a par ailleurs assur\u00e9 que le S\u00e9n\u00e9gal a fait pire que les nazis dans le proc\u00e8s de Karim Wade, rapporte \u00ab\u00a0Sud Quotidien\u00a0\u00bb.<\/p>\n\n\n\n<p>D\u00e9cid\u00e9ment, on est encore tr\u00e8s loin de la fin du feuilleton concernant la d\u00e9cision du chef de l\u2019Etat de faire voter une loi d\u2019amnistie au profit de Karim Wade et de Khalifa Ababacar Sall. Alors que le ministre de la Justice a \u00e9t\u00e9 instruit par le chef de l\u2019Etat, \u00ab<em>&nbsp;d\u2019examiner dans les meilleurs d\u00e9lais les possibilit\u00e9s et le sch\u00e9ma ad\u00e9quat<\/em>&nbsp;\u00bb pour faire passer cette loi d\u2019amnistie, qui permettra \u00e0 ces deux responsables politiques de recouvrer leur droit de vote, Karim Wade et son camp continuent de marquer leur opposition \u00e0 cette d\u00e9marche.<\/p>\n\n\n\n<p>Hier, dimanche 23 octobre, c\u2019est l\u2019ancien pr\u00e9sident du Groupe parlementaire des lib\u00e9raux (2007-2012), Doudou Wade, qui est mont\u00e9 au cr\u00e9neau pour clamer une fois de plus, l\u2019opposition de Wade-fils \u00e0 cette solution d\u2019amnistie. \u00ab&nbsp;<em>Nous demandons la r\u00e9vision du proc\u00e8s de Karim Wade comme le demande le droit international. Nous demandons au ministre de la Justice de revenir sur ce proc\u00e8s et de demander son r\u00e9examen.<br><br>Nous sommes dans la voie de la justice et du droit international&nbsp;<\/em>\u00bb, a martel\u00e9 Doudou Wade, qui \u00e9tait invit\u00e9 du jour de l\u2019\u00e9mission \u00ab\u00a0Jury du dimanche\u00a0\u00bb chez nos confr\u00e8res de Iradio (priv\u00e9e).<\/p>\n\n\n\n<p>\u00ab Le S\u00e9n\u00e9gal a fait pire que les nazis dans le proc\u00e8s de Karim Wade \u00bb<\/p>\n\n\n\n<p>L\u2019ancien pr\u00e9sident du Groupe parlementaire des lib\u00e9raux (2007-2012), d\u00e9non\u00e7ant les conditions de la tenue du proc\u00e8s de Karim Wade devant la Cour de r\u00e9pression de l\u2019enrichissement illicite (Crei), soutient que le S\u00e9n\u00e9gal a fait pire que les nazis dans ce proc\u00e8s de Karim Wade. \u00ab&nbsp;<em>Dans un tribunal o\u00f9 on bafoue les droits humains de quelqu\u2019un, on l\u2019am\u00e8ne sur une civi\u00e8re. Les nazis n\u2019ont pas fait autant&nbsp;<\/em>\u00bb, a notamment laiss\u00e9 entendre Doudou Wade, qui rappelle la comparution sur une civi\u00e8re de Bibo Bourgi qui \u00e9tait poursuivi en tant que complice de Karim Wade, lors de ce proc\u00e8s Karim Wade.<\/p>\n\n\n\n<p>\u00ab<em>&nbsp;J\u2019ai dit que les nazis ne l\u2019ont pas fait. Si vous avez vu les nazis amener quelqu\u2019un au tribunal, quelqu\u2019un sur une civi\u00e8re, dites-le. Moi, je fais un constat visuel. Des magistrats \u00e9trangers ont soutenu que le S\u00e9n\u00e9gal est un d\u00e9ni de justice. Je ne souhaite pas que des magistrats \u00e9trangers jugent comme \u00e7a mon pays. Parce qu\u2019ils ne sont pas plus comp\u00e9tents que les n\u00f4tres<\/em>.\u00bb<\/p>\n\n\n\n<p>\u00ab Karim Wade sera \u00e0 Dakar en triomphe \u00bb<\/p>\n\n\n\n<p>Par ailleurs, r\u00e9pondant \u00e0 une interpellation sur la date du retour au bercail de Karim Wade, Doudou Wade a assur\u00e9 qu\u2019il sera \u00e0 Dakar en triomphe. \u00ab&nbsp;<em>Karim peut-\u00eatre pardonnera mais, il est \u00e9vident que son seul objectif pour l\u2019homme qu\u2019il est, pour le S\u00e9n\u00e9galais qu\u2019il est, est qu\u2019il puisse aller jusqu\u2019au bout, pour faire clamer par un tribunal, son innocence. Des S\u00e9n\u00e9galais veulent que Karim soit leur candidat en 2024. Karim s\u2019est assez battu et il va rentrer au S\u00e9n\u00e9gal. Il rentrera \u00e0 sa date. Il sera \u00e0 Dakar et il finira par venir \u00e0 Dakar et en triomphe<\/em>.\u00bb<\/p>\n\n\n\n<p>Nd\u00e8ye Fatou K\u00e9b\u00e9<\/p>\n","protected":false},"excerpt":{"rendered":"<p>R\u00e9dig\u00e9 par leral.net l L\u2019ancien pr\u00e9sident du Groupe parlementaire des lib\u00e9raux (2007-2012), Doudou Wade r\u00e9it\u00e8re l\u2019opposition de Karim Wade \u00e0<\/p>\n","protected":false},"author":1,"featured_media":2144,"comment_status":"open","ping_status":"open","sticky":false,"template":"","format":"standard","meta":{"footnotes":""},"categories":[26],"tags":[],"class_list":["post-2143","post","type-post","status-publish","format-standard","has-post-thumbnail","hentry","category-fait-divers"],"_links":{"self":[{"href":"https:\/\/dekkbi.com\/index.php?rest_route=\/wp\/v2\/posts\/2143","targetHints":{"allow":["GET"]}}],"collection":[{"href":"https:\/\/dekkbi.com\/index.php?rest_route=\/wp\/v2\/posts"}],"about":[{"href":"https:\/\/dekkbi.com\/index.php?rest_route=\/wp\/v2\/types\/post"}],"author":[{"embeddable":true,"href":"https:\/\/dekkbi.com\/index.php?rest_route=\/wp\/v2\/users\/1"}],"replies":[{"embeddable":true,"href":"https:\/\/dekkbi.com\/index.php?rest_route=%2Fwp%2Fv2%2Fcomments&post=2143"}],"version-history":[{"count":1,"href":"https:\/\/dekkbi.com\/index.php?rest_route=\/wp\/v2\/posts\/2143\/revisions"}],"predecessor-version":[{"id":2145,"href":"https:\/\/dekkbi.com\/index.php?rest_route=\/wp\/v2\/posts\/2143\/revisions\/2145"}],"wp:featuredmedia":[{"embeddable":true,"href":"https:\/\/dekkbi.com\/index.php?rest_route=\/wp\/v2\/media\/2144"}],"wp:attachment":[{"href":"https:\/\/dekkbi.com\/index.php?rest_route=%2Fwp%2Fv2%2Fmedia&parent=2143"}],"wp:term":[{"taxonomy":"category","embeddable":true,"href":"https:\/\/dekkbi.com\/index.php?rest_route=%2Fwp%2Fv2%2Fcategories&post=2143"},{"taxonomy":"post_tag","embeddable":true,"href":"https:\/\/dekkbi.com\/index.php?rest_route=%2Fwp%2Fv2%2Ftags&post=2143"}],"curies":[{"name":"wp","href":"https:\/\/api.w.org\/{rel}","templated":true}]}}